{"id":13136,"date":"2021-07-27T10:10:09","date_gmt":"2021-07-27T02:10:09","guid":{"rendered":"https:\/\/battery9999.com\/de\/?p=13136"},"modified":"2021-07-27T10:10:09","modified_gmt":"2021-07-27T02:10:09","slug":"tesla-oeffnet-supercharger-ladenetz-ende-2021-fuer-andere-elektroautos","status":"publish","type":"post","link":"https:\/\/battery9999.com\/de\/tesla-oeffnet-supercharger-ladenetz-ende-2021-fuer-andere-elektroautos\/","title":{"rendered":"Tesla \u00f6ffnet Supercharger-Ladenetz Ende 2021 f\u00fcr andere Elektroautos"},"content":{"rendered":"<p>21.07.2021<\/p>\n<p><img loading=\"lazy\" decoding=\"async\" class=\"alignnone size-medium wp-image-13138\" src=\"https:\/\/battery9999.com\/wp-content\/uploads\/2021\/07\/Tesla-Supercharger_20-1-300x172.jpg\" alt=\"\" width=\"300\" height=\"172\" \/><!--more--><\/p>\n<p>Teslas unternehmenseigenes \u201eSupercharger\u201c-Netz mit schnellen Strom-Tankstellen gilt als entscheidender Faktor f\u00fcr den Erfolg des US-Elektroautobauers. Firmenchef Elon Musk hat dennoch mehrfach in Aussicht gestellt, die weltweit in steigender Zahl verf\u00fcgbaren rot-wei\u00dfen Schnelllades\u00e4ulen auch f\u00fcr andere Fabrikate zu \u00f6ffnen. In diesem Jahr soll dies tats\u00e4chlich umgesetzt werden.<\/p>\n<p>Musk antwortete auf\u00a0<em>Twitter<\/em>\u00a0einem Nutzer, der die Entscheidung Teslas zum Aufbau einer exklusiven Infrastruktur f\u00fcr das zuverl\u00e4ssige Laden seiner Elektroautos verteidigte: Fr\u00fcher habe es keinen Standard f\u00fcr Ladestecker gegeben und Tesla sei der einzige Hersteller von Elektroautos f\u00fcr die Langstrecke gewesen. Der Tesla-Stecker sei ziemlich kompakt und sowohl f\u00fcr langsames als auch besonders schnelles Laden geeignet. \u201eAllerdings werden wir unser Supercharger-Netzwerk im Laufe des Jahres auch f\u00fcr andere Elektroautos \u00f6ffnen\u201c, so Musk.<\/p>\n<p>Auf die anschlie\u00dfende Frage eines weiteren\u00a0<em>Twitter<\/em>-Nutzers, ob die \u00d6ffnung des Supercharger-Ladenetzes in allen oder nur in bestimmten L\u00e4ndern vorgesehen sei, sagte der Tesla-Chef, dass dies \u201eim Laufe der Zeit\u201c f\u00fcr alle L\u00e4nder geplant sei. Konkreter wurde Musk nicht \u2013 wie genau das Teilen der Supercharger mit anderen Fabrikaten ablaufen wird, ist daher noch unklar. Auf\u00a0<em>Twitter<\/em>\u00a0zeigten sich viele entt\u00e4uscht \u00fcber die anstehende \u00d6ffnung des Supercharger-Netzes, einzelne drohten sogar mit dem Verkauf ihrer Fahrzeuge und dem Wechsel zu deutschen Premiummarken. Ob die Entscheidung Tesla tats\u00e4chlich schaden wird, bleibt abzuwarten.<\/p>\n<p>Tesla-Modelle werden nach dem Anst\u00f6pseln direkt geladen und die Abrechnung erfolgt anschlie\u00dfend bequem \u00fcber das Kundenkonto, mehrere Karten und Vertr\u00e4ge wie im \u00f6ffentlichen Ladenetz der meisten L\u00e4nder sind nicht erforderlich. Voraussichtlich k\u00f6nnen in Zukunft nur Elektroautos anderer Hersteller an Superchargern laden, die die spezifischen technischen und organisatorischen Vorgaben Teslas erf\u00fcllen und Geb\u00fchren entrichten. Der Kreis der Nutzer k\u00f6nnte deshalb vorerst weiter begrenzt bleiben.<\/p>\n<h2>Immer mehr Supercharger<\/h2>\n<p>In Deutschland hat Tesla im Juni rund sieben Jahre nach der Premiere des ersten deutschen Superchargers die Marke von 1000 Ladepl\u00e4tzen \u00fcbertroffen. Auch europaweit schreitet der Aufbau z\u00fcgig voran: \u201eIn einem einzigen Quartal wurden rekordverd\u00e4chtige 700+ Supercharger an 80 Standorten in ganz Europa installiert\u201c, so Tesla k\u00fcrzlich in einer Mitteilung. Weltweit gibt es laut dem offiziellen\u00a0<a href=\"https:\/\/www.tesla.com\/de_DE\/supercharger\" target=\"_blank\" rel=\"noopener noreferrer\">Verzeichnis<\/a>\u00a0aktuell 2500 Supercharger-Stationen mit mehr als 25.000 Lades\u00e4ulen.<\/p>\n<p>Fr\u00fcher konnten Kunden die Infrastruktur kostenlos nutzen, das wurde sp\u00e4ter aber f\u00fcr Neukunden abgeschafft. Die Preise wurden zudem mehrmals erh\u00f6ht \u2013 in Deutschland zuletzt im Mai auf 37 Cent pro Kilowattstunde (kWh), was aber immer noch vergleichsweise g\u00fcnstig ist. Tesla hat wiederholt bekr\u00e4ftigt, mit Superchargern kein Geld verdienen zu wollen \u2013 bei Fremdnutzung d\u00fcrfte das anders aussehen. Je nach Modell k\u00f6nnen Elektroautos an Superchargern mit bis zu 250 kW Ladeleistung Energie ziehen. Musk hat verk\u00fcndet, dass wie bei anderen Schnellladenetzen zuk\u00fcnftig\u00a0<a href=\"https:\/\/ecomento.de\/2021\/06\/14\/tesla-350-kw-schnellladeleistung-geplant\/\">bis zu 350 kW<\/a>\u00a0geboten werden sollen.<\/p>\n<p>Quelle:<a href=\"https:\/\/ecomento.de\/2021\/07\/21\/tesla-oeffnet-ladenetz-ende-2021-fuer-andere-elektroautos\/\">Tesla \u00f6ffnet Ladenetz Ende 2021 f\u00fcr andere Elektroautos &#8211; ecomento.de<\/a><\/p>\n","protected":false},"excerpt":{"rendered":"<p>21.07.2021<\/p>\n","protected":false},"author":12,"featured_media":0,"comment_status":"closed","ping_status":"open","sticky":false,"template":"","format":"standard","meta":{"footnotes":""},"categories":[503],"tags":[],"class_list":["post-13136","post","type-post","status-publish","format-standard","hentry","category-industrienachrichten"],"yoast_head":"<!-- This site is optimized with the Yoast SEO plugin v24.4 - https:\/\/yoast.com\/wordpress\/plugins\/seo\/ -->\n<title>Tesla \u00f6ffnet Supercharger-Ladenetz Ende 2021 f\u00fcr andere Elektroautos - \u660c\u8467\u80a1\u4efd\u6709\u9650\u516c\u53f8<\/title>\n<meta name=\"robots\" content=\"index, follow, max-snippet:-1, max-image-preview:large, max-video-preview:-1\" \/>\n<link rel=\"canonical\" href=\"https:\/\/battery9999.com\/de\/tesla-oeffnet-supercharger-ladenetz-ende-2021-fuer-andere-elektroautos\/\" \/>\n<meta property=\"og:locale\" content=\"de_DE\" \/>\n<meta property=\"og:type\" content=\"article\" \/>\n<meta property=\"og:title\" content=\"Tesla \u00f6ffnet Supercharger-Ladenetz Ende 2021 f\u00fcr andere Elektroautos - \u660c\u8467\u80a1\u4efd\u6709\u9650\u516c\u53f8\" \/>\n<meta property=\"og:description\" content=\"21.07.2021\" \/>\n<meta property=\"og:url\" content=\"https:\/\/battery9999.com\/de\/tesla-oeffnet-supercharger-ladenetz-ende-2021-fuer-andere-elektroautos\/\" \/>\n<meta property=\"og:site_name\" content=\"\u660c\u8467\u80a1\u4efd\u6709\u9650\u516c\u53f8\" \/>\n<meta property=\"article:published_time\" content=\"2021-07-27T02:10:09+00:00\" \/>\n<meta property=\"og:image\" content=\"https:\/\/battery9999.com\/wp-content\/uploads\/2021\/07\/Tesla-Supercharger_20-1.jpg\" \/>\n\t<meta property=\"og:image:width\" content=\"1200\" \/>\n\t<meta property=\"og:image:height\" content=\"689\" \/>\n\t<meta property=\"og:image:type\" content=\"image\/jpeg\" \/>\n<meta name=\"author\" content=\"DPC\" \/>\n<meta name=\"twitter:card\" content=\"summary_large_image\" \/>\n<meta name=\"twitter:label1\" content=\"Written by\" \/>\n\t<meta name=\"twitter:data1\" content=\"DPC\" \/>\n\t<meta name=\"twitter:label2\" content=\"Est. reading time\" \/>\n\t<meta name=\"twitter:data2\" content=\"2 minutes\" \/>\n<script type=\"application\/ld+json\" class=\"yoast-schema-graph\">{\"@context\":\"https:\/\/schema.org\",\"@graph\":[{\"@type\":\"WebPage\",\"@id\":\"https:\/\/battery9999.com\/de\/tesla-oeffnet-supercharger-ladenetz-ende-2021-fuer-andere-elektroautos\/\",\"url\":\"https:\/\/battery9999.com\/de\/tesla-oeffnet-supercharger-ladenetz-ende-2021-fuer-andere-elektroautos\/\",\"name\":\"Tesla \u00f6ffnet Supercharger-Ladenetz Ende 2021 f\u00fcr andere Elektroautos - \u660c\u8467\u80a1\u4efd\u6709\u9650\u516c\u53f8\",\"isPartOf\":{\"@id\":\"https:\/\/battery9999.com\/#website\"},\"primaryImageOfPage\":{\"@id\":\"https:\/\/battery9999.com\/de\/tesla-oeffnet-supercharger-ladenetz-ende-2021-fuer-andere-elektroautos\/#primaryimage\"},\"image\":{\"@id\":\"https:\/\/battery9999.com\/de\/tesla-oeffnet-supercharger-ladenetz-ende-2021-fuer-andere-elektroautos\/#primaryimage\"},\"thumbnailUrl\":\"https:\/\/battery9999.com\/wp-content\/uploads\/2021\/07\/Tesla-Supercharger_20-1-300x172.jpg\",\"datePublished\":\"2021-07-27T02:10:09+00:00\",\"author\":{\"@id\":\"https:\/\/battery9999.com\/#\/schema\/person\/0b9917bf37d9832a82f648a24def18a2\"},\"breadcrumb\":{\"@id\":\"https:\/\/battery9999.com\/de\/tesla-oeffnet-supercharger-ladenetz-ende-2021-fuer-andere-elektroautos\/#breadcrumb\"},\"inLanguage\":\"de-DE\",\"potentialAction\":[{\"@type\":\"ReadAction\",\"target\":[\"https:\/\/battery9999.com\/de\/tesla-oeffnet-supercharger-ladenetz-ende-2021-fuer-andere-elektroautos\/\"]}]},{\"@type\":\"ImageObject\",\"inLanguage\":\"de-DE\",\"@id\":\"https:\/\/battery9999.com\/de\/tesla-oeffnet-supercharger-ladenetz-ende-2021-fuer-andere-elektroautos\/#primaryimage\",\"url\":\"https:\/\/battery9999.com\/wp-content\/uploads\/2021\/07\/Tesla-Supercharger_20-1-300x172.jpg\",\"contentUrl\":\"https:\/\/battery9999.com\/wp-content\/uploads\/2021\/07\/Tesla-Supercharger_20-1-300x172.jpg\"},{\"@type\":\"BreadcrumbList\",\"@id\":\"https:\/\/battery9999.com\/de\/tesla-oeffnet-supercharger-ladenetz-ende-2021-fuer-andere-elektroautos\/#breadcrumb\",\"itemListElement\":[{\"@type\":\"ListItem\",\"position\":1,\"name\":\"\u9996\u9801\",\"item\":\"https:\/\/battery9999.com\/de\/\"},{\"@type\":\"ListItem\",\"position\":2,\"name\":\"Tesla \u00f6ffnet Supercharger-Ladenetz Ende 2021 f\u00fcr andere Elektroautos\"}]},{\"@type\":\"WebSite\",\"@id\":\"https:\/\/battery9999.com\/#website\",\"url\":\"https:\/\/battery9999.com\/\",\"name\":\"\u660c\u8467\u80a1\u4efd\u6709\u9650\u516c\u53f8\",\"description\":\"\u5c08\u696d\u96fb\u6c60\u7d44\u8a2d\u8a08\/\u751f\u7522\/\u88fd\u9020\",\"potentialAction\":[{\"@type\":\"SearchAction\",\"target\":{\"@type\":\"EntryPoint\",\"urlTemplate\":\"https:\/\/battery9999.com\/?s={search_term_string}\"},\"query-input\":{\"@type\":\"PropertyValueSpecification\",\"valueRequired\":true,\"valueName\":\"search_term_string\"}}],\"inLanguage\":\"de-DE\"},{\"@type\":\"Person\",\"@id\":\"https:\/\/battery9999.com\/#\/schema\/person\/0b9917bf37d9832a82f648a24def18a2\",\"name\":\"DPC\",\"image\":{\"@type\":\"ImageObject\",\"inLanguage\":\"de-DE\",\"@id\":\"https:\/\/battery9999.com\/#\/schema\/person\/image\/\",\"url\":\"https:\/\/secure.gravatar.com\/avatar\/9a258145ae53eacd7bcbebe15acef782?s=96&d=mm&r=g\",\"contentUrl\":\"https:\/\/secure.gravatar.com\/avatar\/9a258145ae53eacd7bcbebe15acef782?s=96&d=mm&r=g\",\"caption\":\"DPC\"},\"url\":\"https:\/\/battery9999.com\/de\/author\/dpc\/\"}]}<\/script>\n<!-- \/ Yoast SEO plugin. -->","yoast_head_json":{"title":"Tesla \u00f6ffnet Supercharger-Ladenetz Ende 2021 f\u00fcr andere Elektroautos - \u660c\u8467\u80a1\u4efd\u6709\u9650\u516c\u53f8","robots":{"index":"index","follow":"follow","max-snippet":"max-snippet:-1","max-image-preview":"max-image-preview:large","max-video-preview":"max-video-preview:-1"},"canonical":"https:\/\/battery9999.com\/de\/tesla-oeffnet-supercharger-ladenetz-ende-2021-fuer-andere-elektroautos\/","og_locale":"de_DE","og_type":"article","og_title":"Tesla \u00f6ffnet Supercharger-Ladenetz Ende 2021 f\u00fcr andere Elektroautos - \u660c\u8467\u80a1\u4efd\u6709\u9650\u516c\u53f8","og_description":"21.07.2021","og_url":"https:\/\/battery9999.com\/de\/tesla-oeffnet-supercharger-ladenetz-ende-2021-fuer-andere-elektroautos\/","og_site_name":"\u660c\u8467\u80a1\u4efd\u6709\u9650\u516c\u53f8","article_published_time":"2021-07-27T02:10:09+00:00","og_image":[{"width":1200,"height":689,"url":"https:\/\/battery9999.com\/wp-content\/uploads\/2021\/07\/Tesla-Supercharger_20-1.jpg","type":"image\/jpeg"}],"author":"DPC","twitter_card":"summary_large_image","twitter_misc":{"Written by":"DPC","Est. reading time":"2 minutes"},"schema":{"@context":"https:\/\/schema.org","@graph":[{"@type":"WebPage","@id":"https:\/\/battery9999.com\/de\/tesla-oeffnet-supercharger-ladenetz-ende-2021-fuer-andere-elektroautos\/","url":"https:\/\/battery9999.com\/de\/tesla-oeffnet-supercharger-ladenetz-ende-2021-fuer-andere-elektroautos\/","name":"Tesla \u00f6ffnet Supercharger-Ladenetz Ende 2021 f\u00fcr andere Elektroautos - \u660c\u8467\u80a1\u4efd\u6709\u9650\u516c\u53f8","isPartOf":{"@id":"https:\/\/battery9999.com\/#website"},"primaryImageOfPage":{"@id":"https:\/\/battery9999.com\/de\/tesla-oeffnet-supercharger-ladenetz-ende-2021-fuer-andere-elektroautos\/#primaryimage"},"image":{"@id":"https:\/\/battery9999.com\/de\/tesla-oeffnet-supercharger-ladenetz-ende-2021-fuer-andere-elektroautos\/#primaryimage"},"thumbnailUrl":"https:\/\/battery9999.com\/wp-content\/uploads\/2021\/07\/Tesla-Supercharger_20-1-300x172.jpg","datePublished":"2021-07-27T02:10:09+00:00","author":{"@id":"https:\/\/battery9999.com\/#\/schema\/person\/0b9917bf37d9832a82f648a24def18a2"},"breadcrumb":{"@id":"https:\/\/battery9999.com\/de\/tesla-oeffnet-supercharger-ladenetz-ende-2021-fuer-andere-elektroautos\/#breadcrumb"},"inLanguage":"de-DE","potentialAction":[{"@type":"ReadAction","target":["https:\/\/battery9999.com\/de\/tesla-oeffnet-supercharger-ladenetz-ende-2021-fuer-andere-elektroautos\/"]}]},{"@type":"ImageObject","inLanguage":"de-DE","@id":"https:\/\/battery9999.com\/de\/tesla-oeffnet-supercharger-ladenetz-ende-2021-fuer-andere-elektroautos\/#primaryimage","url":"https:\/\/battery9999.com\/wp-content\/uploads\/2021\/07\/Tesla-Supercharger_20-1-300x172.jpg","contentUrl":"https:\/\/battery9999.com\/wp-content\/uploads\/2021\/07\/Tesla-Supercharger_20-1-300x172.jpg"},{"@type":"BreadcrumbList","@id":"https:\/\/battery9999.com\/de\/tesla-oeffnet-supercharger-ladenetz-ende-2021-fuer-andere-elektroautos\/#breadcrumb","itemListElement":[{"@type":"ListItem","position":1,"name":"\u9996\u9801","item":"https:\/\/battery9999.com\/de\/"},{"@type":"ListItem","position":2,"name":"Tesla \u00f6ffnet Supercharger-Ladenetz Ende 2021 f\u00fcr andere Elektroautos"}]},{"@type":"WebSite","@id":"https:\/\/battery9999.com\/#website","url":"https:\/\/battery9999.com\/","name":"\u660c\u8467\u80a1\u4efd\u6709\u9650\u516c\u53f8","description":"\u5c08\u696d\u96fb\u6c60\u7d44\u8a2d\u8a08\/\u751f\u7522\/\u88fd\u9020","potentialAction":[{"@type":"SearchAction","target":{"@type":"EntryPoint","urlTemplate":"https:\/\/battery9999.com\/?s={search_term_string}"},"query-input":{"@type":"PropertyValueSpecification","valueRequired":true,"valueName":"search_term_string"}}],"inLanguage":"de-DE"},{"@type":"Person","@id":"https:\/\/battery9999.com\/#\/schema\/person\/0b9917bf37d9832a82f648a24def18a2","name":"DPC","image":{"@type":"ImageObject","inLanguage":"de-DE","@id":"https:\/\/battery9999.com\/#\/schema\/person\/image\/","url":"https:\/\/secure.gravatar.com\/avatar\/9a258145ae53eacd7bcbebe15acef782?s=96&d=mm&r=g","contentUrl":"https:\/\/secure.gravatar.com\/avatar\/9a258145ae53eacd7bcbebe15acef782?s=96&d=mm&r=g","caption":"DPC"},"url":"https:\/\/battery9999.com\/de\/author\/dpc\/"}]}},"_links":{"self":[{"href":"https:\/\/battery9999.com\/de\/wp-json\/wp\/v2\/posts\/13136"}],"collection":[{"href":"https:\/\/battery9999.com\/de\/wp-json\/wp\/v2\/posts"}],"about":[{"href":"https:\/\/battery9999.com\/de\/wp-json\/wp\/v2\/types\/post"}],"author":[{"embeddable":true,"href":"https:\/\/battery9999.com\/de\/wp-json\/wp\/v2\/users\/12"}],"replies":[{"embeddable":true,"href":"https:\/\/battery9999.com\/de\/wp-json\/wp\/v2\/comments?post=13136"}],"version-history":[{"count":1,"href":"https:\/\/battery9999.com\/de\/wp-json\/wp\/v2\/posts\/13136\/revisions"}],"predecessor-version":[{"id":13139,"href":"https:\/\/battery9999.com\/de\/wp-json\/wp\/v2\/posts\/13136\/revisions\/13139"}],"wp:attachment":[{"href":"https:\/\/battery9999.com\/de\/wp-json\/wp\/v2\/media?parent=13136"}],"wp:term":[{"taxonomy":"category","embeddable":true,"href":"https:\/\/battery9999.com\/de\/wp-json\/wp\/v2\/categories?post=13136"},{"taxonomy":"post_tag","embeddable":true,"href":"https:\/\/battery9999.com\/de\/wp-json\/wp\/v2\/tags?post=13136"}],"curies":[{"name":"wp","href":"https:\/\/api.w.org\/{rel}","templated":true}]}}