{"id":19664,"date":"2025-02-25T09:23:30","date_gmt":"2025-02-25T01:23:30","guid":{"rendered":"https:\/\/battery9999.com\/de\/?p=19664"},"modified":"2025-02-25T09:23:30","modified_gmt":"2025-02-25T01:23:30","slug":"byd-rechnet-erst-nach-2030-mit-serieneinsatz-von-festkoerperbatterien","status":"publish","type":"post","link":"https:\/\/battery9999.com\/de\/byd-rechnet-erst-nach-2030-mit-serieneinsatz-von-festkoerperbatterien\/","title":{"rendered":"BYD rechnet erst nach 2030 mit Serieneinsatz von Festk\u00f6rperbatterien"},"content":{"rendered":"<p>17. Februar 2025<\/p>\n<p><img loading=\"lazy\" decoding=\"async\" class=\"alignnone size-medium wp-image-19665\" src=\"https:\/\/battery9999.com\/wp-content\/uploads\/2025\/02\/2025-02-25_092137-300x188.jpg\" alt=\"\" width=\"300\" height=\"188\" srcset=\"https:\/\/battery9999.com\/wp-content\/uploads\/2025\/02\/2025-02-25_092137-300x188.jpg 300w, https:\/\/battery9999.com\/wp-content\/uploads\/2025\/02\/2025-02-25_092137.jpg 703w\" sizes=\"(max-width: 300px) 100vw, 300px\" \/><!--more--><\/p>\n<p><a href=\"https:\/\/www.elektroauto-news.net\/byd\">BYD,<\/a>\u00a0der weltweit gr\u00f6\u00dfte Hersteller von\u00a0<a href=\"https:\/\/www.elektroauto-news.net\/wissen\/elektroauto\">Elektroautos<\/a>\u00a0und\u00a0<a href=\"https:\/\/www.elektroauto-news.net\/wissen\/plug-in-hybrid\">Plug-in-Hybride<\/a>n sowie\u00a0<a href=\"https:\/\/www.elektroauto-news.net\/news\/china-batteriemarkt-waechst-2024\">zweitgr\u00f6\u00dfter Hersteller von E-Auto-Batterien,<\/a> rechnet damit, ab etwa 2027 mit dem \u201eDemonstrationseinsatz\u201c von Festk\u00f6rperbatterien zu beginnen, sagte der CTO des Batteriegesch\u00e4fts des Unternehmens, Sun Huajun, einem Bericht von CnEVPost zufolge auf einer Veranstaltung.<\/p>\n<p>Die Einf\u00fchrung von\u00a0<a href=\"https:\/\/www.elektroauto-news.net\/wissen\/feststoffbatterie\">Festk\u00f6rperbatterien<\/a>\u00a0in Serienfahrzeugen d\u00fcrfte demnach aber erst nach 2030 erfolgen, so Sun weiter. Ab einer gewissen Skalierung sollen Festk\u00f6rperbatterien ein \u00e4hnliches Preisniveau erreichen wie herk\u00f6mmliche Batterien mit fl\u00fcssigen Elektrolyten. Einen Zeithorizont daf\u00fcr nannte Sun allerdings nicht. Der CTO von BYDs Batteriegesch\u00e4ft wies auch darauf hin, dass andere Unternehmen im Bereich der Festk\u00f6rperakkus \u00e4hnliche Fortschritte vorzuweisen h\u00e4tten.<\/p>\n<p>Bereits im April 2024 sagte Wu Kai, Chefwissenschaftler von CATL, dem weltweit gr\u00f6\u00dften Hersteller von E-Auto-Akkus, er rechne ebenfalls mit 2027 als dem Jahr, in dem Festk\u00f6rperbatterien in kleinen Mengen in den ersten Elektroautos verbaut werden d\u00fcrften. Die Produktion in gro\u00dfen Mengen hingegen werde zu Beginn immer noch mit Problemen konfrontiert sein, einschlie\u00dflich h\u00f6herer Kosten.<\/p>\n<p><a href=\"https:\/\/www.elektroauto-news.net\/wissen\/lithium-ionen-akku\">Fl\u00fcssige Lithiumbatterien<\/a>\u00a0k\u00f6nnten eine Energiedichte von 350 Wh\/kg erreichen, aber es sei schwierig, sie weiter zu verbessern, w\u00e4hrend Festk\u00f6rperbatterien voraussichtlich eine Energiedichte von 500 Wh\/kg erreichen werden, sagte Wu damals. Im vergangenen April gab das chinesische Festk\u00f6rperbatterie-Startup Talent New Energy bekannt, dass es erfolgreich Festk\u00f6rperbatteriezellen im Prototypen-Stadium mit einer Energiedichte von 720 Wh\/kg hergestellt habe.<\/p>\n<p>BYD begann CTO Sun zufolge bereits 2013 mit der Forschung und Entwicklung von Festk\u00f6rperbatterien, als es haupts\u00e4chlich darum ging, neue Technologiewege und Materialien zu erkunden. 2016 wurde demnach ein erster Prototyp mit einer Kapazit\u00e4t von weniger als 1 Ah entwickelt, im vergangenen Jahr habe BYD erste Festk\u00f6rperbatteriezellen mit einer Kapazit\u00e4t von 20 Ah und 60 Ah entwickelt.<\/p>\n<p>Quelle:<a href=\"https:\/\/www.elektroauto-news.net\/news\/byd-serieneinsatz-festkoerperbatterie\">BYD: Serieneinsatz von Festk\u00f6rperbatterien erst nach 2030<\/a><\/p>\n","protected":false},"excerpt":{"rendered":"<p>17. Februar 2025<\/p>\n","protected":false},"author":12,"featured_media":19665,"comment_status":"closed","ping_status":"open","sticky":false,"template":"","format":"standard","meta":{"footnotes":""},"categories":[503],"tags":[],"class_list":["post-19664","post","type-post","status-publish","format-standard","has-post-thumbnail","hentry","category-industrienachrichten"],"yoast_head":"<!-- This site is optimized with the Yoast SEO plugin v24.4 - https:\/\/yoast.com\/wordpress\/plugins\/seo\/ -->\n<title>BYD rechnet erst nach 2030 mit Serieneinsatz von Festk\u00f6rperbatterien - \u660c\u8467\u80a1\u4efd\u6709\u9650\u516c\u53f8<\/title>\n<meta name=\"robots\" content=\"index, follow, max-snippet:-1, max-image-preview:large, max-video-preview:-1\" \/>\n<link rel=\"canonical\" href=\"https:\/\/battery9999.com\/de\/byd-rechnet-erst-nach-2030-mit-serieneinsatz-von-festkoerperbatterien\/\" \/>\n<meta property=\"og:locale\" content=\"de_DE\" \/>\n<meta property=\"og:type\" content=\"article\" \/>\n<meta property=\"og:title\" content=\"BYD rechnet erst nach 2030 mit Serieneinsatz von Festk\u00f6rperbatterien - \u660c\u8467\u80a1\u4efd\u6709\u9650\u516c\u53f8\" \/>\n<meta property=\"og:description\" content=\"17. Februar 2025\" \/>\n<meta property=\"og:url\" content=\"https:\/\/battery9999.com\/de\/byd-rechnet-erst-nach-2030-mit-serieneinsatz-von-festkoerperbatterien\/\" \/>\n<meta property=\"og:site_name\" content=\"\u660c\u8467\u80a1\u4efd\u6709\u9650\u516c\u53f8\" \/>\n<meta property=\"article:published_time\" content=\"2025-02-25T01:23:30+00:00\" \/>\n<meta property=\"og:image\" content=\"https:\/\/battery9999.com\/wp-content\/uploads\/2025\/02\/2025-02-25_092137.jpg\" \/>\n\t<meta property=\"og:image:width\" content=\"703\" \/>\n\t<meta property=\"og:image:height\" content=\"441\" \/>\n\t<meta property=\"og:image:type\" content=\"image\/jpeg\" \/>\n<meta name=\"author\" content=\"DPC\" \/>\n<meta name=\"twitter:card\" content=\"summary_large_image\" \/>\n<meta name=\"twitter:label1\" content=\"Written by\" \/>\n\t<meta name=\"twitter:data1\" content=\"DPC\" \/>\n\t<meta name=\"twitter:label2\" content=\"Est. reading time\" \/>\n\t<meta name=\"twitter:data2\" content=\"2 minutes\" \/>\n<script type=\"application\/ld+json\" class=\"yoast-schema-graph\">{\"@context\":\"https:\/\/schema.org\",\"@graph\":[{\"@type\":\"WebPage\",\"@id\":\"https:\/\/battery9999.com\/de\/byd-rechnet-erst-nach-2030-mit-serieneinsatz-von-festkoerperbatterien\/\",\"url\":\"https:\/\/battery9999.com\/de\/byd-rechnet-erst-nach-2030-mit-serieneinsatz-von-festkoerperbatterien\/\",\"name\":\"BYD rechnet erst nach 2030 mit Serieneinsatz von Festk\u00f6rperbatterien - \u660c\u8467\u80a1\u4efd\u6709\u9650\u516c\u53f8\",\"isPartOf\":{\"@id\":\"https:\/\/battery9999.com\/#website\"},\"primaryImageOfPage\":{\"@id\":\"https:\/\/battery9999.com\/de\/byd-rechnet-erst-nach-2030-mit-serieneinsatz-von-festkoerperbatterien\/#primaryimage\"},\"image\":{\"@id\":\"https:\/\/battery9999.com\/de\/byd-rechnet-erst-nach-2030-mit-serieneinsatz-von-festkoerperbatterien\/#primaryimage\"},\"thumbnailUrl\":\"https:\/\/battery9999.com\/wp-content\/uploads\/2025\/02\/2025-02-25_092137.jpg\",\"datePublished\":\"2025-02-25T01:23:30+00:00\",\"author\":{\"@id\":\"https:\/\/battery9999.com\/#\/schema\/person\/0b9917bf37d9832a82f648a24def18a2\"},\"breadcrumb\":{\"@id\":\"https:\/\/battery9999.com\/de\/byd-rechnet-erst-nach-2030-mit-serieneinsatz-von-festkoerperbatterien\/#breadcrumb\"},\"inLanguage\":\"de-DE\",\"potentialAction\":[{\"@type\":\"ReadAction\",\"target\":[\"https:\/\/battery9999.com\/de\/byd-rechnet-erst-nach-2030-mit-serieneinsatz-von-festkoerperbatterien\/\"]}]},{\"@type\":\"ImageObject\",\"inLanguage\":\"de-DE\",\"@id\":\"https:\/\/battery9999.com\/de\/byd-rechnet-erst-nach-2030-mit-serieneinsatz-von-festkoerperbatterien\/#primaryimage\",\"url\":\"https:\/\/battery9999.com\/wp-content\/uploads\/2025\/02\/2025-02-25_092137.jpg\",\"contentUrl\":\"https:\/\/battery9999.com\/wp-content\/uploads\/2025\/02\/2025-02-25_092137.jpg\",\"width\":703,\"height\":441},{\"@type\":\"BreadcrumbList\",\"@id\":\"https:\/\/battery9999.com\/de\/byd-rechnet-erst-nach-2030-mit-serieneinsatz-von-festkoerperbatterien\/#breadcrumb\",\"itemListElement\":[{\"@type\":\"ListItem\",\"position\":1,\"name\":\"\u9996\u9801\",\"item\":\"https:\/\/battery9999.com\/de\/\"},{\"@type\":\"ListItem\",\"position\":2,\"name\":\"BYD rechnet erst nach 2030 mit Serieneinsatz von Festk\u00f6rperbatterien\"}]},{\"@type\":\"WebSite\",\"@id\":\"https:\/\/battery9999.com\/#website\",\"url\":\"https:\/\/battery9999.com\/\",\"name\":\"\u660c\u8467\u80a1\u4efd\u6709\u9650\u516c\u53f8\",\"description\":\"\u5c08\u696d\u96fb\u6c60\u7d44\u8a2d\u8a08\/\u751f\u7522\/\u88fd\u9020\",\"potentialAction\":[{\"@type\":\"SearchAction\",\"target\":{\"@type\":\"EntryPoint\",\"urlTemplate\":\"https:\/\/battery9999.com\/?s={search_term_string}\"},\"query-input\":{\"@type\":\"PropertyValueSpecification\",\"valueRequired\":true,\"valueName\":\"search_term_string\"}}],\"inLanguage\":\"de-DE\"},{\"@type\":\"Person\",\"@id\":\"https:\/\/battery9999.com\/#\/schema\/person\/0b9917bf37d9832a82f648a24def18a2\",\"name\":\"DPC\",\"image\":{\"@type\":\"ImageObject\",\"inLanguage\":\"de-DE\",\"@id\":\"https:\/\/battery9999.com\/#\/schema\/person\/image\/\",\"url\":\"https:\/\/secure.gravatar.com\/avatar\/9a258145ae53eacd7bcbebe15acef782?s=96&d=mm&r=g\",\"contentUrl\":\"https:\/\/secure.gravatar.com\/avatar\/9a258145ae53eacd7bcbebe15acef782?s=96&d=mm&r=g\",\"caption\":\"DPC\"},\"url\":\"https:\/\/battery9999.com\/de\/author\/dpc\/\"}]}<\/script>\n<!-- \/ Yoast SEO plugin. -->","yoast_head_json":{"title":"BYD rechnet erst nach 2030 mit Serieneinsatz von Festk\u00f6rperbatterien - \u660c\u8467\u80a1\u4efd\u6709\u9650\u516c\u53f8","robots":{"index":"index","follow":"follow","max-snippet":"max-snippet:-1","max-image-preview":"max-image-preview:large","max-video-preview":"max-video-preview:-1"},"canonical":"https:\/\/battery9999.com\/de\/byd-rechnet-erst-nach-2030-mit-serieneinsatz-von-festkoerperbatterien\/","og_locale":"de_DE","og_type":"article","og_title":"BYD rechnet erst nach 2030 mit Serieneinsatz von Festk\u00f6rperbatterien - \u660c\u8467\u80a1\u4efd\u6709\u9650\u516c\u53f8","og_description":"17. Februar 2025","og_url":"https:\/\/battery9999.com\/de\/byd-rechnet-erst-nach-2030-mit-serieneinsatz-von-festkoerperbatterien\/","og_site_name":"\u660c\u8467\u80a1\u4efd\u6709\u9650\u516c\u53f8","article_published_time":"2025-02-25T01:23:30+00:00","og_image":[{"width":703,"height":441,"url":"https:\/\/battery9999.com\/wp-content\/uploads\/2025\/02\/2025-02-25_092137.jpg","type":"image\/jpeg"}],"author":"DPC","twitter_card":"summary_large_image","twitter_misc":{"Written by":"DPC","Est. reading time":"2 minutes"},"schema":{"@context":"https:\/\/schema.org","@graph":[{"@type":"WebPage","@id":"https:\/\/battery9999.com\/de\/byd-rechnet-erst-nach-2030-mit-serieneinsatz-von-festkoerperbatterien\/","url":"https:\/\/battery9999.com\/de\/byd-rechnet-erst-nach-2030-mit-serieneinsatz-von-festkoerperbatterien\/","name":"BYD rechnet erst nach 2030 mit Serieneinsatz von Festk\u00f6rperbatterien - \u660c\u8467\u80a1\u4efd\u6709\u9650\u516c\u53f8","isPartOf":{"@id":"https:\/\/battery9999.com\/#website"},"primaryImageOfPage":{"@id":"https:\/\/battery9999.com\/de\/byd-rechnet-erst-nach-2030-mit-serieneinsatz-von-festkoerperbatterien\/#primaryimage"},"image":{"@id":"https:\/\/battery9999.com\/de\/byd-rechnet-erst-nach-2030-mit-serieneinsatz-von-festkoerperbatterien\/#primaryimage"},"thumbnailUrl":"https:\/\/battery9999.com\/wp-content\/uploads\/2025\/02\/2025-02-25_092137.jpg","datePublished":"2025-02-25T01:23:30+00:00","author":{"@id":"https:\/\/battery9999.com\/#\/schema\/person\/0b9917bf37d9832a82f648a24def18a2"},"breadcrumb":{"@id":"https:\/\/battery9999.com\/de\/byd-rechnet-erst-nach-2030-mit-serieneinsatz-von-festkoerperbatterien\/#breadcrumb"},"inLanguage":"de-DE","potentialAction":[{"@type":"ReadAction","target":["https:\/\/battery9999.com\/de\/byd-rechnet-erst-nach-2030-mit-serieneinsatz-von-festkoerperbatterien\/"]}]},{"@type":"ImageObject","inLanguage":"de-DE","@id":"https:\/\/battery9999.com\/de\/byd-rechnet-erst-nach-2030-mit-serieneinsatz-von-festkoerperbatterien\/#primaryimage","url":"https:\/\/battery9999.com\/wp-content\/uploads\/2025\/02\/2025-02-25_092137.jpg","contentUrl":"https:\/\/battery9999.com\/wp-content\/uploads\/2025\/02\/2025-02-25_092137.jpg","width":703,"height":441},{"@type":"BreadcrumbList","@id":"https:\/\/battery9999.com\/de\/byd-rechnet-erst-nach-2030-mit-serieneinsatz-von-festkoerperbatterien\/#breadcrumb","itemListElement":[{"@type":"ListItem","position":1,"name":"\u9996\u9801","item":"https:\/\/battery9999.com\/de\/"},{"@type":"ListItem","position":2,"name":"BYD rechnet erst nach 2030 mit Serieneinsatz von Festk\u00f6rperbatterien"}]},{"@type":"WebSite","@id":"https:\/\/battery9999.com\/#website","url":"https:\/\/battery9999.com\/","name":"\u660c\u8467\u80a1\u4efd\u6709\u9650\u516c\u53f8","description":"\u5c08\u696d\u96fb\u6c60\u7d44\u8a2d\u8a08\/\u751f\u7522\/\u88fd\u9020","potentialAction":[{"@type":"SearchAction","target":{"@type":"EntryPoint","urlTemplate":"https:\/\/battery9999.com\/?s={search_term_string}"},"query-input":{"@type":"PropertyValueSpecification","valueRequired":true,"valueName":"search_term_string"}}],"inLanguage":"de-DE"},{"@type":"Person","@id":"https:\/\/battery9999.com\/#\/schema\/person\/0b9917bf37d9832a82f648a24def18a2","name":"DPC","image":{"@type":"ImageObject","inLanguage":"de-DE","@id":"https:\/\/battery9999.com\/#\/schema\/person\/image\/","url":"https:\/\/secure.gravatar.com\/avatar\/9a258145ae53eacd7bcbebe15acef782?s=96&d=mm&r=g","contentUrl":"https:\/\/secure.gravatar.com\/avatar\/9a258145ae53eacd7bcbebe15acef782?s=96&d=mm&r=g","caption":"DPC"},"url":"https:\/\/battery9999.com\/de\/author\/dpc\/"}]}},"_links":{"self":[{"href":"https:\/\/battery9999.com\/de\/wp-json\/wp\/v2\/posts\/19664"}],"collection":[{"href":"https:\/\/battery9999.com\/de\/wp-json\/wp\/v2\/posts"}],"about":[{"href":"https:\/\/battery9999.com\/de\/wp-json\/wp\/v2\/types\/post"}],"author":[{"embeddable":true,"href":"https:\/\/battery9999.com\/de\/wp-json\/wp\/v2\/users\/12"}],"replies":[{"embeddable":true,"href":"https:\/\/battery9999.com\/de\/wp-json\/wp\/v2\/comments?post=19664"}],"version-history":[{"count":1,"href":"https:\/\/battery9999.com\/de\/wp-json\/wp\/v2\/posts\/19664\/revisions"}],"predecessor-version":[{"id":19666,"href":"https:\/\/battery9999.com\/de\/wp-json\/wp\/v2\/posts\/19664\/revisions\/19666"}],"wp:featuredmedia":[{"embeddable":true,"href":"https:\/\/battery9999.com\/de\/wp-json\/wp\/v2\/media\/19665"}],"wp:attachment":[{"href":"https:\/\/battery9999.com\/de\/wp-json\/wp\/v2\/media?parent=19664"}],"wp:term":[{"taxonomy":"category","embeddable":true,"href":"https:\/\/battery9999.com\/de\/wp-json\/wp\/v2\/categories?post=19664"},{"taxonomy":"post_tag","embeddable":true,"href":"https:\/\/battery9999.com\/de\/wp-json\/wp\/v2\/tags?post=19664"}],"curies":[{"name":"wp","href":"https:\/\/api.w.org\/{rel}","templated":true}]}}