{"id":19929,"date":"2025-05-06T10:32:55","date_gmt":"2025-05-06T02:32:55","guid":{"rendered":"https:\/\/battery9999.com\/es\/?p=19929"},"modified":"2025-05-06T10:33:11","modified_gmt":"2025-05-06T02:33:11","slug":"sera-el-mayor-rival-del-porsche-taycan-mercedes-amg-desvelara-este-verano-su-coche-electrico-de-1-000-cv","status":"publish","type":"post","link":"https:\/\/battery9999.com\/es\/sera-el-mayor-rival-del-porsche-taycan-mercedes-amg-desvelara-este-verano-su-coche-electrico-de-1-000-cv\/","title":{"rendered":"Ser\u00e1 el mayor rival del Porsche Taycan: Mercedes AMG desvelar\u00e1 este verano su coche el\u00e9ctrico de 1.000 CV"},"content":{"rendered":"<p>29\/04\/2025<\/p>\n<p><img loading=\"lazy\" decoding=\"async\" class=\"alignnone size-medium wp-image-19930\" src=\"https:\/\/battery9999.com\/wp-content\/uploads\/2025\/05\/2025-05-06_103132-300x161.jpg\" alt=\"\" width=\"300\" height=\"161\" srcset=\"https:\/\/battery9999.com\/wp-content\/uploads\/2025\/05\/2025-05-06_103132-300x161.jpg 300w, https:\/\/battery9999.com\/wp-content\/uploads\/2025\/05\/2025-05-06_103132.jpg 538w\" sizes=\"(max-width: 300px) 100vw, 300px\" \/><!--more--><\/p>\n<p>En 2022, Mercedes AMG, la divisi\u00f3n de altas prestaciones de Mercedes, present\u00f3 el\u00a0<a href=\"https:\/\/www.hibridosyelectricos.com\/coches\/radical-mercedes-vision-amg-muestra-coches-electricos-amg_58154_102.html\">Mercedes Vision AMG<\/a>, un concept que anticipaba un coche el\u00e9ctrico, con carrocer\u00eda berlina, de alt\u00edsimas prestaciones.<\/p>\n<p>Pues bien, ahora la marca ha desvelado la primera fotograf\u00eda de que ser\u00e1 el gran rival del\u00a0<a href=\"https:\/\/www.hibridosyelectricos.com\/coches\/sus-ventas-se-desploman-pero-por-records-como-este-sigue-siendo-el-mejor-coche-electrico-europa_78267_102.html\">Porsche Taycan<\/a>, y que contar\u00e1 con unos revolucionarios motores que podr\u00e1n otorgarle cerca o m\u00e1s de 1.000 CV.<\/p>\n<figure class=\"m-media m-media--image m-media--editor\" data-ck-asset-wrapper=\"\">\n<div class=\"m-media__wrapper\">\n<div id=\"standard_2\" class=\"st-placement standard_2 inImage\">\n<div class=\"st-adunit st-adunit-tagged st-reset st-show\">\n<div class=\"st-adunit-ad st-reset\"><\/div>\n<\/div>\n<\/div>\n<p><img loading=\"lazy\" decoding=\"async\" class=\"entered exited\" title=\"Mercedes Vision AMG el\u00e9ctrico\" src=\"https:\/\/www.hibridosyelectricos.com\/uploads\/s1\/10\/24\/55\/2\/mercedes-vision-amg-electrico_5_659x371.jpeg\" alt=\"Mercedes Vision AMG el\u00e9ctrico\" width=\"659\" height=\"371\" data-id=\"1024551\" data-resize=\"5\" \/><\/p>\n<\/div><figcaption class=\"m-media__caption\">El Mercedes Vision AMG el\u00e9ctrico presentado en 2022 ofrec\u00eda recursos estil\u00edsticos, como los seis pilotos traseros, que no sabemos si se mantendr\u00e1n en su nuevo coche el\u00e9ctrico de 1.000 CV.<\/figcaption><\/figure>\n<h2>A esta berlina de 1.000 CV le seguir\u00e1 un SUV deportivo<\/h2>\n<p>La apuesta de AMG no es desconocida, y ya lleva a\u00f1os desarrollando este modelo, que sustituir\u00e1 al Mercedes-AMG GT con motores t\u00e9rmicos, e incluso presentando una segunda propuesta, en este caso\u00a0<a href=\"https:\/\/www.hibridosyelectricos.com\/coches\/mercedes-amg-avanza-en-desarrollo-su-suv-electrico-rival-lamborghini-lanzador_77458_102.html\">un SUV el\u00e9ctrico<\/a>.<\/p>\n<div class=\"cke-element cke-element--102\">\n<section class=\"m-related\">\n<div class=\"m-related__item\">\n<div class=\"m-related__item-img-wrapper\" data-comitium-article-image=\"79727\">\n<figure class=\"c-image__fig\"><a class=\"c-image__imglink\" title=\"Toyota habr\u00eda ofrecido por Toyota Industries hasta un 40% m\u00e1s de la valoraci\u00f3n de esta empresa, que es su principal proveedor.\" href=\"https:\/\/www.hibridosyelectricos.com\/coches\/compra-historica-presidente-toyota-quiere-adquirir-por-37000-millones-euros-empresa-su-bisabuelo_79727_102.html\"><picture><source srcset=\"https:\/\/www.hibridosyelectricos.com\/uploads\/s1\/10\/22\/65\/3\/presidente-toyota-quiere-comprar-empresa-clave-abuelo-2_8_234x132.jpeg\" media=\"(min-width:0)\" \/><img loading=\"lazy\" decoding=\"async\" class=\"c-image__img entered exited\" title=\"Toyota habr\u00eda ofrecido por Toyota Industries hasta un 40% m\u00e1s de la valoraci\u00f3n de esta empresa, que es su principal proveedor.\" src=\"https:\/\/www.hibridosyelectricos.com\/uploads\/s1\/10\/22\/64\/7\/presidente-toyota-quiere-comprar-empresa-clave-abuelo-2.jpeg\" alt=\"Toyota habr\u00eda ofrecido por Toyota Industries hasta un 40% m\u00e1s de la valoraci\u00f3n de esta empresa, que es su principal proveedor.\" width=\"234\" height=\"132\" \/><\/picture><\/a><\/figure>\n<\/div>\n<div class=\"m-related__item-txt\">\n<div class=\"m-related__heading\">Relacionado<\/div>\n<p><a class=\"m-related__item-link\" title=\"Una compra hist\u00f3rica: el presidente de Toyota quiere adquirir, por 37.000 millones de euros, la empresa de su bisabuelo\" href=\"https:\/\/www.hibridosyelectricos.com\/coches\/compra-historica-presidente-toyota-quiere-adquirir-por-37000-millones-euros-empresa-su-bisabuelo_79727_102.html\">Una compra hist\u00f3rica: el presidente de Toyota quiere adquirir, por 37.000 millones de euros, la empresa de su bisabuelo<\/a><\/p>\n<\/div>\n<\/div>\n<\/section>\n<\/div>\n<p>Ambos deber\u00edan llegar a lo largo de este a\u00f1o y de 2026, pero la marca acaba de desvelar, junto a la primera fotograf\u00eda del mismo, aunque camuflado, que el dise\u00f1o completo de este coche el\u00e9ctrico rival del Porsche Cayman se presentar\u00e1 en junio, aunque sin facilitar una fecha concreta.<\/p>\n<p>Como puede apreciarse en la fotograf\u00eda, Mercedes-AMG desvelar\u00e1, a priori, un coche el\u00e9ctrico con una carrocer\u00eda berlina baja y de silueta coup\u00e9, con potentes vol\u00famenes sobre los cuatro pasos de rueda. Poco m\u00e1s se conoce.<\/p>\n<figure class=\"m-media m-media--image m-media--editor\" data-ck-asset-wrapper=\"\">\n<div class=\"m-media__wrapper\"><img loading=\"lazy\" decoding=\"async\" class=\"entered exited\" title=\"mercedes amg rival porsche Taycan 1.000 CV\" src=\"https:\/\/www.hibridosyelectricos.com\/uploads\/s1\/10\/24\/56\/2\/mercedes-amg-rival-porsche-taycan-1-000-cv_5_659x371.jpeg\" alt=\"mercedes amg rival porsche Taycan 1.000 CV\" width=\"659\" height=\"371\" data-id=\"1024561\" data-resize=\"5\" \/><\/div><figcaption class=\"m-media__caption\">La imagen publicada por Mercedes-AMG deja a\u00fan mucho a la imaginaci\u00f3n: el dise\u00f1o definitivo de este coche el\u00e9ctrico se desvelar\u00e1 en junio.<\/figcaption><\/figure>\n<p>Lo que s\u00ed se sabe, puesto que Mercedes-AMG ha ido desvelando informaci\u00f3n con cuentagotas en los \u00faltimos meses es que tanto este coche el\u00e9ctrico como el SUV derivado del mismo estar\u00e1n realizados bas\u00e1ndose en la\u00a0nueva arquitectura el\u00e9ctrica AMG.EA de 800 voltios, con las ventajas que eso supone a la hora de la recarga r\u00e1pida.<\/p>\n<p>Por otro lado, se espera que estos dos modelos, empezando por el Mercedes-AMG rival del Porche Taycan deber\u00edan contar con equipar la nueva generaci\u00f3n de\u00a0<a href=\"https:\/\/www.hibridosyelectricos.com\/coches\/motores-electricos-flujo-axial-mas-eficientes-y-en-poco-tiempo-tambien-mas-baratos_68890_102.html\">motores el\u00e9ctricos de flujo axial<\/a>\u00a0en la que est\u00e1 trabajando la marca de la estrella, para los que se esperan potencias cercanas a los 500 CV y a los 800 Nm de par.<\/p>\n<div class=\"cke-element cke-element--102\">\n<section class=\"m-related\">\n<div class=\"m-related__item\">\n<div class=\"m-related__item-img-wrapper\" data-comitium-article-image=\"79747\">\n<figure class=\"c-image__fig\"><a class=\"c-image__imglink\" title=\"El F80 es el \u00faltimo h\u00edbrido de Ferrri, que a finales de a\u00f1o deber\u00eda presentar su primer coche el\u00e9ctrico, en el que colaborar\u00e1 Leapmotor.\" href=\"https:\/\/www.hibridosyelectricos.com\/coches\/leapmotor-colaborara-con-ferrari-en-sus-futuros-coches-electricos-no-es-locura-john-elkan-tendria-mucho-ver_79747_102.html\"><picture><source srcset=\"https:\/\/www.hibridosyelectricos.com\/uploads\/s1\/10\/24\/11\/1\/leapmotor-ferrari-f80-elkan_8_234x132.jpeg\" media=\"(min-width:0)\" \/><img loading=\"lazy\" decoding=\"async\" class=\"c-image__img entered loading\" title=\"El F80 es el \u00faltimo h\u00edbrido de Ferrri, que a finales de a\u00f1o deber\u00eda presentar su primer coche el\u00e9ctrico, en el que colaborar\u00e1 Leapmotor.\" src=\"https:\/\/www.hibridosyelectricos.com\/uploads\/s1\/10\/24\/10\/5\/leapmotor-ferrari-f80-elkan.jpeg\" alt=\"El F80 es el \u00faltimo h\u00edbrido de Ferrri, que a finales de a\u00f1o deber\u00eda presentar su primer coche el\u00e9ctrico, en el que colaborar\u00e1 Leapmotor.\" width=\"234\" height=\"132\" data-ll-status=\"loading\" \/><\/picture><\/a><\/figure>\n<\/div>\n<div class=\"m-related__item-txt\">\n<div class=\"m-related__heading\">Relacionado<\/div>\n<p><a class=\"m-related__item-link\" title=\"Leapmotor colaborar\u00e1 con Ferrari en sus futuros coches el\u00e9ctricos. No es una locura y John Elkan tendr\u00eda mucho que ver\" href=\"https:\/\/www.hibridosyelectricos.com\/coches\/leapmotor-colaborara-con-ferrari-en-sus-futuros-coches-electricos-no-es-locura-john-elkan-tendria-mucho-ver_79747_102.html\">Leapmotor colaborar\u00e1 con Ferrari en sus futuros coches el\u00e9ctricos. No es una locura y John Elkan tendr\u00eda mucho que ver<\/a><\/p>\n<\/div>\n<\/div>\n<\/section>\n<\/div>\n<p>As\u00ed, a poco que este modelo contar\u00e1 con dos de estos motores, bien uno en cada eje para contar con tracci\u00f3n total o bien los dos traspasando la potencia al tren trasero, podr\u00eda contar con cerca de 1.000 CV o incluso superar esta cifra. Una potencia que igualar\u00eda los 1.033 CV que ofrece la versi\u00f3n m\u00e1s potente del Porsche Taycan: el Turbo GT.<\/p>\n<p>Fuente:<a href=\"https:\/\/www.hibridosyelectricos.com\/coches\/sera-mayor-rival-porsche-taycan-mercedes-amg-desvelara-este-verano-su-coche-electrico-1000-cv_79757_102.html\">Ser\u00e1 el mayor rival del Porsche Taycan: Mercedes AMG desvelar\u00e1 este verano su coche el\u00e9ctrico de 1.000 CV<\/a><\/p>\n","protected":false},"excerpt":{"rendered":"<p>29\/04\/2025<\/p>\n","protected":false},"author":12,"featured_media":0,"comment_status":"closed","ping_status":"open","sticky":false,"template":"","format":"standard","meta":{"footnotes":""},"categories":[353],"tags":[],"class_list":["post-19929","post","type-post","status-publish","format-standard","hentry","category-centro-de-noticias"],"yoast_head":"<!-- This site is optimized with the Yoast SEO plugin v24.4 - https:\/\/yoast.com\/wordpress\/plugins\/seo\/ -->\n<title>Ser\u00e1 el mayor rival del Porsche Taycan: Mercedes AMG desvelar\u00e1 este verano su coche el\u00e9ctrico de 1.000 CV - \u660c\u8467\u80a1\u4efd\u6709\u9650\u516c\u53f8<\/title>\n<meta name=\"robots\" content=\"index, follow, max-snippet:-1, max-image-preview:large, max-video-preview:-1\" \/>\n<link rel=\"canonical\" href=\"https:\/\/battery9999.com\/es\/sera-el-mayor-rival-del-porsche-taycan-mercedes-amg-desvelara-este-verano-su-coche-electrico-de-1-000-cv\/\" \/>\n<meta property=\"og:locale\" content=\"es_ES\" \/>\n<meta property=\"og:type\" content=\"article\" \/>\n<meta property=\"og:title\" content=\"Ser\u00e1 el mayor rival del Porsche Taycan: Mercedes AMG desvelar\u00e1 este verano su coche el\u00e9ctrico de 1.000 CV - \u660c\u8467\u80a1\u4efd\u6709\u9650\u516c\u53f8\" \/>\n<meta property=\"og:description\" content=\"29\/04\/2025\" \/>\n<meta property=\"og:url\" content=\"https:\/\/battery9999.com\/es\/sera-el-mayor-rival-del-porsche-taycan-mercedes-amg-desvelara-este-verano-su-coche-electrico-de-1-000-cv\/\" \/>\n<meta property=\"og:site_name\" content=\"\u660c\u8467\u80a1\u4efd\u6709\u9650\u516c\u53f8\" \/>\n<meta property=\"article:published_time\" content=\"2025-05-06T02:32:55+00:00\" \/>\n<meta property=\"article:modified_time\" content=\"2025-05-06T02:33:11+00:00\" \/>\n<meta property=\"og:image\" content=\"https:\/\/battery9999.com\/wp-content\/uploads\/2025\/05\/2025-05-06_103132.jpg\" \/>\n\t<meta property=\"og:image:width\" content=\"538\" \/>\n\t<meta property=\"og:image:height\" content=\"288\" \/>\n\t<meta property=\"og:image:type\" content=\"image\/jpeg\" \/>\n<meta name=\"author\" content=\"DPC\" \/>\n<meta name=\"twitter:card\" content=\"summary_large_image\" \/>\n<meta name=\"twitter:label1\" content=\"Written by\" \/>\n\t<meta name=\"twitter:data1\" content=\"DPC\" \/>\n\t<meta name=\"twitter:label2\" content=\"Est. reading time\" \/>\n\t<meta name=\"twitter:data2\" content=\"4 minutes\" \/>\n<script type=\"application\/ld+json\" class=\"yoast-schema-graph\">{\"@context\":\"https:\/\/schema.org\",\"@graph\":[{\"@type\":\"WebPage\",\"@id\":\"https:\/\/battery9999.com\/es\/sera-el-mayor-rival-del-porsche-taycan-mercedes-amg-desvelara-este-verano-su-coche-electrico-de-1-000-cv\/\",\"url\":\"https:\/\/battery9999.com\/es\/sera-el-mayor-rival-del-porsche-taycan-mercedes-amg-desvelara-este-verano-su-coche-electrico-de-1-000-cv\/\",\"name\":\"Ser\u00e1 el mayor rival del Porsche Taycan: Mercedes AMG desvelar\u00e1 este verano su coche el\u00e9ctrico de 1.000 CV - \u660c\u8467\u80a1\u4efd\u6709\u9650\u516c\u53f8\",\"isPartOf\":{\"@id\":\"https:\/\/battery9999.com\/#website\"},\"primaryImageOfPage\":{\"@id\":\"https:\/\/battery9999.com\/es\/sera-el-mayor-rival-del-porsche-taycan-mercedes-amg-desvelara-este-verano-su-coche-electrico-de-1-000-cv\/#primaryimage\"},\"image\":{\"@id\":\"https:\/\/battery9999.com\/es\/sera-el-mayor-rival-del-porsche-taycan-mercedes-amg-desvelara-este-verano-su-coche-electrico-de-1-000-cv\/#primaryimage\"},\"thumbnailUrl\":\"https:\/\/battery9999.com\/wp-content\/uploads\/2025\/05\/2025-05-06_103132-300x161.jpg\",\"datePublished\":\"2025-05-06T02:32:55+00:00\",\"dateModified\":\"2025-05-06T02:33:11+00:00\",\"author\":{\"@id\":\"https:\/\/battery9999.com\/#\/schema\/person\/0b9917bf37d9832a82f648a24def18a2\"},\"breadcrumb\":{\"@id\":\"https:\/\/battery9999.com\/es\/sera-el-mayor-rival-del-porsche-taycan-mercedes-amg-desvelara-este-verano-su-coche-electrico-de-1-000-cv\/#breadcrumb\"},\"inLanguage\":\"es-ES\",\"potentialAction\":[{\"@type\":\"ReadAction\",\"target\":[\"https:\/\/battery9999.com\/es\/sera-el-mayor-rival-del-porsche-taycan-mercedes-amg-desvelara-este-verano-su-coche-electrico-de-1-000-cv\/\"]}]},{\"@type\":\"ImageObject\",\"inLanguage\":\"es-ES\",\"@id\":\"https:\/\/battery9999.com\/es\/sera-el-mayor-rival-del-porsche-taycan-mercedes-amg-desvelara-este-verano-su-coche-electrico-de-1-000-cv\/#primaryimage\",\"url\":\"https:\/\/battery9999.com\/wp-content\/uploads\/2025\/05\/2025-05-06_103132-300x161.jpg\",\"contentUrl\":\"https:\/\/battery9999.com\/wp-content\/uploads\/2025\/05\/2025-05-06_103132-300x161.jpg\"},{\"@type\":\"BreadcrumbList\",\"@id\":\"https:\/\/battery9999.com\/es\/sera-el-mayor-rival-del-porsche-taycan-mercedes-amg-desvelara-este-verano-su-coche-electrico-de-1-000-cv\/#breadcrumb\",\"itemListElement\":[{\"@type\":\"ListItem\",\"position\":1,\"name\":\"\u9996\u9801\",\"item\":\"https:\/\/battery9999.com\/es\/\"},{\"@type\":\"ListItem\",\"position\":2,\"name\":\"Ser\u00e1 el mayor rival del Porsche Taycan: Mercedes AMG desvelar\u00e1 este verano su coche el\u00e9ctrico de 1.000 CV\"}]},{\"@type\":\"WebSite\",\"@id\":\"https:\/\/battery9999.com\/#website\",\"url\":\"https:\/\/battery9999.com\/\",\"name\":\"\u660c\u8467\u80a1\u4efd\u6709\u9650\u516c\u53f8\",\"description\":\"\u5c08\u696d\u96fb\u6c60\u7d44\u8a2d\u8a08\/\u751f\u7522\/\u88fd\u9020\",\"potentialAction\":[{\"@type\":\"SearchAction\",\"target\":{\"@type\":\"EntryPoint\",\"urlTemplate\":\"https:\/\/battery9999.com\/?s={search_term_string}\"},\"query-input\":{\"@type\":\"PropertyValueSpecification\",\"valueRequired\":true,\"valueName\":\"search_term_string\"}}],\"inLanguage\":\"es-ES\"},{\"@type\":\"Person\",\"@id\":\"https:\/\/battery9999.com\/#\/schema\/person\/0b9917bf37d9832a82f648a24def18a2\",\"name\":\"DPC\",\"image\":{\"@type\":\"ImageObject\",\"inLanguage\":\"es-ES\",\"@id\":\"https:\/\/battery9999.com\/#\/schema\/person\/image\/\",\"url\":\"https:\/\/secure.gravatar.com\/avatar\/9a258145ae53eacd7bcbebe15acef782?s=96&d=mm&r=g\",\"contentUrl\":\"https:\/\/secure.gravatar.com\/avatar\/9a258145ae53eacd7bcbebe15acef782?s=96&d=mm&r=g\",\"caption\":\"DPC\"},\"url\":\"https:\/\/battery9999.com\/es\/author\/dpc\/\"}]}<\/script>\n<!-- \/ Yoast SEO plugin. -->","yoast_head_json":{"title":"Ser\u00e1 el mayor rival del Porsche Taycan: Mercedes AMG desvelar\u00e1 este verano su coche el\u00e9ctrico de 1.000 CV - \u660c\u8467\u80a1\u4efd\u6709\u9650\u516c\u53f8","robots":{"index":"index","follow":"follow","max-snippet":"max-snippet:-1","max-image-preview":"max-image-preview:large","max-video-preview":"max-video-preview:-1"},"canonical":"https:\/\/battery9999.com\/es\/sera-el-mayor-rival-del-porsche-taycan-mercedes-amg-desvelara-este-verano-su-coche-electrico-de-1-000-cv\/","og_locale":"es_ES","og_type":"article","og_title":"Ser\u00e1 el mayor rival del Porsche Taycan: Mercedes AMG desvelar\u00e1 este verano su coche el\u00e9ctrico de 1.000 CV - \u660c\u8467\u80a1\u4efd\u6709\u9650\u516c\u53f8","og_description":"29\/04\/2025","og_url":"https:\/\/battery9999.com\/es\/sera-el-mayor-rival-del-porsche-taycan-mercedes-amg-desvelara-este-verano-su-coche-electrico-de-1-000-cv\/","og_site_name":"\u660c\u8467\u80a1\u4efd\u6709\u9650\u516c\u53f8","article_published_time":"2025-05-06T02:32:55+00:00","article_modified_time":"2025-05-06T02:33:11+00:00","og_image":[{"width":538,"height":288,"url":"https:\/\/battery9999.com\/wp-content\/uploads\/2025\/05\/2025-05-06_103132.jpg","type":"image\/jpeg"}],"author":"DPC","twitter_card":"summary_large_image","twitter_misc":{"Written by":"DPC","Est. reading time":"4 minutes"},"schema":{"@context":"https:\/\/schema.org","@graph":[{"@type":"WebPage","@id":"https:\/\/battery9999.com\/es\/sera-el-mayor-rival-del-porsche-taycan-mercedes-amg-desvelara-este-verano-su-coche-electrico-de-1-000-cv\/","url":"https:\/\/battery9999.com\/es\/sera-el-mayor-rival-del-porsche-taycan-mercedes-amg-desvelara-este-verano-su-coche-electrico-de-1-000-cv\/","name":"Ser\u00e1 el mayor rival del Porsche Taycan: Mercedes AMG desvelar\u00e1 este verano su coche el\u00e9ctrico de 1.000 CV - \u660c\u8467\u80a1\u4efd\u6709\u9650\u516c\u53f8","isPartOf":{"@id":"https:\/\/battery9999.com\/#website"},"primaryImageOfPage":{"@id":"https:\/\/battery9999.com\/es\/sera-el-mayor-rival-del-porsche-taycan-mercedes-amg-desvelara-este-verano-su-coche-electrico-de-1-000-cv\/#primaryimage"},"image":{"@id":"https:\/\/battery9999.com\/es\/sera-el-mayor-rival-del-porsche-taycan-mercedes-amg-desvelara-este-verano-su-coche-electrico-de-1-000-cv\/#primaryimage"},"thumbnailUrl":"https:\/\/battery9999.com\/wp-content\/uploads\/2025\/05\/2025-05-06_103132-300x161.jpg","datePublished":"2025-05-06T02:32:55+00:00","dateModified":"2025-05-06T02:33:11+00:00","author":{"@id":"https:\/\/battery9999.com\/#\/schema\/person\/0b9917bf37d9832a82f648a24def18a2"},"breadcrumb":{"@id":"https:\/\/battery9999.com\/es\/sera-el-mayor-rival-del-porsche-taycan-mercedes-amg-desvelara-este-verano-su-coche-electrico-de-1-000-cv\/#breadcrumb"},"inLanguage":"es-ES","potentialAction":[{"@type":"ReadAction","target":["https:\/\/battery9999.com\/es\/sera-el-mayor-rival-del-porsche-taycan-mercedes-amg-desvelara-este-verano-su-coche-electrico-de-1-000-cv\/"]}]},{"@type":"ImageObject","inLanguage":"es-ES","@id":"https:\/\/battery9999.com\/es\/sera-el-mayor-rival-del-porsche-taycan-mercedes-amg-desvelara-este-verano-su-coche-electrico-de-1-000-cv\/#primaryimage","url":"https:\/\/battery9999.com\/wp-content\/uploads\/2025\/05\/2025-05-06_103132-300x161.jpg","contentUrl":"https:\/\/battery9999.com\/wp-content\/uploads\/2025\/05\/2025-05-06_103132-300x161.jpg"},{"@type":"BreadcrumbList","@id":"https:\/\/battery9999.com\/es\/sera-el-mayor-rival-del-porsche-taycan-mercedes-amg-desvelara-este-verano-su-coche-electrico-de-1-000-cv\/#breadcrumb","itemListElement":[{"@type":"ListItem","position":1,"name":"\u9996\u9801","item":"https:\/\/battery9999.com\/es\/"},{"@type":"ListItem","position":2,"name":"Ser\u00e1 el mayor rival del Porsche Taycan: Mercedes AMG desvelar\u00e1 este verano su coche el\u00e9ctrico de 1.000 CV"}]},{"@type":"WebSite","@id":"https:\/\/battery9999.com\/#website","url":"https:\/\/battery9999.com\/","name":"\u660c\u8467\u80a1\u4efd\u6709\u9650\u516c\u53f8","description":"\u5c08\u696d\u96fb\u6c60\u7d44\u8a2d\u8a08\/\u751f\u7522\/\u88fd\u9020","potentialAction":[{"@type":"SearchAction","target":{"@type":"EntryPoint","urlTemplate":"https:\/\/battery9999.com\/?s={search_term_string}"},"query-input":{"@type":"PropertyValueSpecification","valueRequired":true,"valueName":"search_term_string"}}],"inLanguage":"es-ES"},{"@type":"Person","@id":"https:\/\/battery9999.com\/#\/schema\/person\/0b9917bf37d9832a82f648a24def18a2","name":"DPC","image":{"@type":"ImageObject","inLanguage":"es-ES","@id":"https:\/\/battery9999.com\/#\/schema\/person\/image\/","url":"https:\/\/secure.gravatar.com\/avatar\/9a258145ae53eacd7bcbebe15acef782?s=96&d=mm&r=g","contentUrl":"https:\/\/secure.gravatar.com\/avatar\/9a258145ae53eacd7bcbebe15acef782?s=96&d=mm&r=g","caption":"DPC"},"url":"https:\/\/battery9999.com\/es\/author\/dpc\/"}]}},"_links":{"self":[{"href":"https:\/\/battery9999.com\/es\/wp-json\/wp\/v2\/posts\/19929"}],"collection":[{"href":"https:\/\/battery9999.com\/es\/wp-json\/wp\/v2\/posts"}],"about":[{"href":"https:\/\/battery9999.com\/es\/wp-json\/wp\/v2\/types\/post"}],"author":[{"embeddable":true,"href":"https:\/\/battery9999.com\/es\/wp-json\/wp\/v2\/users\/12"}],"replies":[{"embeddable":true,"href":"https:\/\/battery9999.com\/es\/wp-json\/wp\/v2\/comments?post=19929"}],"version-history":[{"count":2,"href":"https:\/\/battery9999.com\/es\/wp-json\/wp\/v2\/posts\/19929\/revisions"}],"predecessor-version":[{"id":19932,"href":"https:\/\/battery9999.com\/es\/wp-json\/wp\/v2\/posts\/19929\/revisions\/19932"}],"wp:attachment":[{"href":"https:\/\/battery9999.com\/es\/wp-json\/wp\/v2\/media?parent=19929"}],"wp:term":[{"taxonomy":"category","embeddable":true,"href":"https:\/\/battery9999.com\/es\/wp-json\/wp\/v2\/categories?post=19929"},{"taxonomy":"post_tag","embeddable":true,"href":"https:\/\/battery9999.com\/es\/wp-json\/wp\/v2\/tags?post=19929"}],"curies":[{"name":"wp","href":"https:\/\/api.w.org\/{rel}","templated":true}]}}