{"id":20878,"date":"2026-04-28T09:18:37","date_gmt":"2026-04-28T01:18:37","guid":{"rendered":"https:\/\/battery9999.com\/es\/?p=20878"},"modified":"2026-04-28T09:18:37","modified_gmt":"2026-04-28T01:18:37","slug":"mercedes-y-samsung-firman-su-primer-acuerdo-para-el-suministro-de-baterias-para-coches-electricos","status":"publish","type":"post","link":"https:\/\/battery9999.com\/es\/mercedes-y-samsung-firman-su-primer-acuerdo-para-el-suministro-de-baterias-para-coches-electricos\/","title":{"rendered":"Mercedes y Samsung firman su primer acuerdo para el suministro de bater\u00edas para coches el\u00e9ctricos"},"content":{"rendered":"<p><time datetime=\"2026-04-20 13:33:27 +02:00\">20\/04\/2026\u00a0<\/time><br \/>\n<!--more--><\/p>\n<div class=\"js-superdiv u-aspect-ratio-16x9 u-position-relative \" data-sponsored=\"Patrocinado\"><img loading=\"lazy\" decoding=\"async\" class=\"js-poster-img c-article-media__img\" src=\"https:\/\/images.euronews.com\/articles\/stories\/09\/72\/80\/02\/1536x864_cmsv2_9f43a3cb-dacb-5d84-9ea5-a1325235d692-9728002.jpg\" sizes=\"(max-width: 1023px) 100vw, 67vw\" srcset=\"https:\/\/images.euronews.com\/articles\/stories\/09\/72\/80\/02\/320x180_cmsv2_9f43a3cb-dacb-5d84-9ea5-a1325235d692-9728002.jpg 320w, https:\/\/images.euronews.com\/articles\/stories\/09\/72\/80\/02\/480x270_cmsv2_9f43a3cb-dacb-5d84-9ea5-a1325235d692-9728002.jpg 480w, https:\/\/images.euronews.com\/articles\/stories\/09\/72\/80\/02\/820x468_cmsv2_9f43a3cb-dacb-5d84-9ea5-a1325235d692-9728002.jpg 820w, https:\/\/images.euronews.com\/articles\/stories\/09\/72\/80\/02\/1024x576_cmsv2_9f43a3cb-dacb-5d84-9ea5-a1325235d692-9728002.jpg 1024w, https:\/\/images.euronews.com\/articles\/stories\/09\/72\/80\/02\/1366x768_cmsv2_9f43a3cb-dacb-5d84-9ea5-a1325235d692-9728002.jpg 1366w, https:\/\/images.euronews.com\/articles\/stories\/09\/72\/80\/02\/1536x864_cmsv2_9f43a3cb-dacb-5d84-9ea5-a1325235d692-9728002.jpg 1536w, https:\/\/images.euronews.com\/articles\/stories\/09\/72\/80\/02\/1920x1080_cmsv2_9f43a3cb-dacb-5d84-9ea5-a1325235d692-9728002.jpg 1920w\" alt=\"Archivo - El logotipo de Mercedes Benz, fotografiado en Berl\u00edn, Alemania, el 25 de junio de 2021.\" width=\"557\" height=\"313\" \/><\/div>\n<div class=\"c-article-caption u-position-absolute\"><\/div>\n<div class=\"c-article-image-copyright c-article-image-copyright--novideo\">Derechos de autor\u00a0AP Photo\/Michael Sohn, File<\/div>\n<h2 class=\"c-article-summary\">El fabricante surcoreano de bater\u00edas Samsung SDI anunci\u00f3 este lunes que ha cerrado su primer acuerdo para suministrar bater\u00edas de coches el\u00e9ctricos a la alemana de lujo Mercedes-Benz.<\/h2>\n<div class=\"c-article-content js-article-content\">\n<p>Samsung SDI y Mercedes-Benz han firmado\u00a0<strong>un acuerdo plurianual<\/strong>\u00a0de suministro de bater\u00edas para\u00a0<a href=\"https:\/\/es.euronews.com\/tag\/vehiculos-electricos\">veh\u00edculos el\u00e9ctricos<\/a>\u00a0que abarcar\u00e1 futuros modelos compactos y de tama\u00f1o medio, y han pactado adem\u00e1s colaborar en el desarrollo de bater\u00edas de nueva generaci\u00f3n, seg\u00fan informaron las compa\u00f1\u00edas.<\/p>\n<div class=\"od-custom-el\">\n<div class=\"c-ad u-show-for-desktop\">\n<div class=\"optidigital-wrapper-div\" data-optidigital-slot=\"true\">\n<div class=\"optidigital-text-ads\">\n<p>amsung es el gigante tecnol\u00f3gico de consumo que fabrica desde tel\u00e9fonos inteligentes y televisores hasta semiconductores, mientras que Samsung SDI es\u00a0<strong>su filial especializada en bater\u00edas<\/strong>\u00a0y materiales destinados principalmente a otras empresas.<\/p>\n<p>El acuerdo ampl\u00eda la presencia de Samsung SDI en el sector de la automoci\u00f3n en Europa, donde ya mantiene\u00a0<strong>una consolidada relaci\u00f3n de suministro<\/strong>\u00a0con fabricantes como BMW, las marcas vinculadas a Stellantis a trav\u00e9s de empresas conjuntas, Volvo Group y Jaguar Land Rover.<\/p>\n<p>En virtud del acuerdo con Mercedes, la compa\u00f1\u00eda coreana suministrar\u00e1 bater\u00edas de alto rendimiento para\u00a0<strong>la futura gama de veh\u00edculos del fabricante alem\u00e1n<\/strong>, lo que alimenta las expectativas de veh\u00edculos el\u00e9ctricos de gama alta m\u00e1s asequibles en Europa. El pacto llega en un momento en que la Uni\u00f3n Europea sigue tratando de hacer frente a los problemas de asequibilidad en el mercado de los veh\u00edculos el\u00e9ctricos.<\/p>\n<p>Las bater\u00edas utilizar\u00e1n materiales NCM de alto contenido en n\u00edquel (n\u00edquel, cobalto y manganeso), una combinaci\u00f3n descrita como\u00a0<strong>capaz de ofrecer mayor autonom\u00eda<\/strong>\u00a0y una vida \u00fatil m\u00e1s larga.<\/p>\n<div id=\"optidigital-adslot-content_1\" class=\"content_1 optidigital-ad-center-sticky\" data-adslot-id=\"optidigital-adslot-content_1\"><\/div>\n<p>&#8220;Mercedes-Benz planea utilizar estas bater\u00edas en\u00a0<strong>futuros SUV el\u00e9ctricos compactos<\/strong>\u00a0y medianos y en modelos cup\u00e9 como parte de su estrategia para dirigirse al mercado de\u00a0<a href=\"https:\/\/es.euronews.com\/business\/2026\/03\/31\/la-inversion-en-movilidad-ecologica-reconfigura-el-transporte-urbano\">la pr\u00f3xima generaci\u00f3n de veh\u00edculos el\u00e9ctricos<\/a>&#8220;, se\u00f1al\u00f3 el comunicado.<\/p>\n<p>Las dos compa\u00f1\u00edas acordaron adem\u00e1s trabajar juntas en proyectos, &#8220;incluido el desarrollo conjunto de tecnolog\u00eda de bater\u00edas de pr\u00f3xima generaci\u00f3n&#8221;, seg\u00fan la nota.\u00a0<strong>El acuerdo se firm\u00f3 el lunes en Se\u00fal<\/strong>, coincidiendo con una reuni\u00f3n de la alta direcci\u00f3n de Mercedes con proveedores clave de Corea del Sur.<\/p>\n<div class=\"c-widget-related\" data-stories-id=\"\" data-event=\"widget_related\">\n<div class=\"c-widget-related__title\"><b class=\"c-widget-related__title__text\" lang=\"en\">Related<\/b><\/div>\n<ul class=\"c-widget-related__list\">\n<li class=\"c-widget-related__item\"><a class=\"c-widget-related__article\" href=\"https:\/\/es.euronews.com\/2025\/11\/25\/la-transicion-electrica-que-pais-de-la-ue-compra-mas-vehiculos-electricos\">La transici\u00f3n el\u00e9ctrica, \u00bfQu\u00e9 pa\u00eds de la UE compra m\u00e1s veh\u00edculos el\u00e9ctricos?<\/a><\/li>\n<\/ul>\n<\/div>\n<p>Seg\u00fan el diario &#8216;Korea Herald&#8217;, que cita fuentes del sector, se espera que los vol\u00famenes de suministro de Samsung SDI alcancen decenas de gigavatios hora, con un valor total del contrato que superar\u00eda los 10 billones de wones (<strong>unos 5.800 millones de euros<\/strong>), aunque no se han hecho p\u00fablicas las cifras exactas.<\/p>\n<p>Durante la visita a Corea del Sur, Mercedes-Benz\u00a0<strong>reafirm\u00f3 tambi\u00e9n su larga alianza con LG<\/strong>, que incluye la cooperaci\u00f3n en los sectores de pantallas y bater\u00edas. &#8220;Mercedes-Benz se enorgullece de reforzar la colaboraci\u00f3n en \u00e1reas tecnol\u00f3gicas clave con socios coreanos que poseen una competitividad tecnol\u00f3gica de primer nivel mundial&#8221;, declar\u00f3 J\u00f6rg Burzer, director de tecnolog\u00eda del grupo Mercedes-Benz. &#8220;Al estrechar estos lazos, Mercedes-Benz acelera la innovaci\u00f3n en electrificaci\u00f3n, digitalizaci\u00f3n y en el futuro de la movilidad&#8221;.<\/p>\n<p>Las acciones de Samsung SDI\u00a0<strong>subieron un 4,9%<\/strong>\u00a0al cierre de la sesi\u00f3n del lunes en Corea del Sur, mientras que los t\u00edtulos de Mercedes-Benz ca\u00edan m\u00e1s de un 2 % hacia el mediod\u00eda en Europa.<\/p>\n<\/div>\n<\/div>\n<\/div>\n<\/div>\n<\/div>\n","protected":false},"excerpt":{"rendered":"<p>20\/04\/2026\u00a0<\/p>\n","protected":false},"author":12,"featured_media":20460,"comment_status":"closed","ping_status":"open","sticky":false,"template":"","format":"standard","meta":{"footnotes":""},"categories":[353],"tags":[],"class_list":["post-20878","post","type-post","status-publish","format-standard","has-post-thumbnail","hentry","category-centro-de-noticias"],"yoast_head":"<!-- This site is optimized with the Yoast SEO plugin v24.4 - https:\/\/yoast.com\/wordpress\/plugins\/seo\/ -->\n<title>Mercedes y Samsung firman su primer acuerdo para el suministro de bater\u00edas para coches el\u00e9ctricos - \u660c\u8467\u80a1\u4efd\u6709\u9650\u516c\u53f8<\/title>\n<meta name=\"robots\" content=\"index, follow, max-snippet:-1, max-image-preview:large, max-video-preview:-1\" \/>\n<link rel=\"canonical\" href=\"https:\/\/battery9999.com\/es\/mercedes-y-samsung-firman-su-primer-acuerdo-para-el-suministro-de-baterias-para-coches-electricos\/\" \/>\n<meta property=\"og:locale\" content=\"es_ES\" \/>\n<meta property=\"og:type\" content=\"article\" \/>\n<meta property=\"og:title\" content=\"Mercedes y Samsung firman su primer acuerdo para el suministro de bater\u00edas para coches el\u00e9ctricos - \u660c\u8467\u80a1\u4efd\u6709\u9650\u516c\u53f8\" \/>\n<meta property=\"og:description\" content=\"20\/04\/2026\u00a0\" \/>\n<meta property=\"og:url\" content=\"https:\/\/battery9999.com\/es\/mercedes-y-samsung-firman-su-primer-acuerdo-para-el-suministro-de-baterias-para-coches-electricos\/\" \/>\n<meta property=\"og:site_name\" content=\"\u660c\u8467\u80a1\u4efd\u6709\u9650\u516c\u53f8\" \/>\n<meta property=\"article:published_time\" content=\"2026-04-28T01:18:37+00:00\" \/>\n<meta property=\"og:image\" content=\"https:\/\/battery9999.com\/wp-content\/uploads\/2025\/09\/\u897f\u73ed\u7259.jpg\" \/>\n\t<meta property=\"og:image:width\" content=\"300\" \/>\n\t<meta property=\"og:image:height\" content=\"167\" \/>\n\t<meta property=\"og:image:type\" content=\"image\/jpeg\" \/>\n<meta name=\"author\" content=\"DPC\" \/>\n<meta name=\"twitter:card\" content=\"summary_large_image\" \/>\n<meta name=\"twitter:label1\" content=\"Written by\" \/>\n\t<meta name=\"twitter:data1\" content=\"DPC\" \/>\n\t<meta name=\"twitter:label2\" content=\"Est. reading time\" \/>\n\t<meta name=\"twitter:data2\" content=\"3 minutes\" \/>\n<script type=\"application\/ld+json\" class=\"yoast-schema-graph\">{\"@context\":\"https:\/\/schema.org\",\"@graph\":[{\"@type\":\"WebPage\",\"@id\":\"https:\/\/battery9999.com\/es\/mercedes-y-samsung-firman-su-primer-acuerdo-para-el-suministro-de-baterias-para-coches-electricos\/\",\"url\":\"https:\/\/battery9999.com\/es\/mercedes-y-samsung-firman-su-primer-acuerdo-para-el-suministro-de-baterias-para-coches-electricos\/\",\"name\":\"Mercedes y Samsung firman su primer acuerdo para el suministro de bater\u00edas para coches el\u00e9ctricos - \u660c\u8467\u80a1\u4efd\u6709\u9650\u516c\u53f8\",\"isPartOf\":{\"@id\":\"https:\/\/battery9999.com\/#website\"},\"primaryImageOfPage\":{\"@id\":\"https:\/\/battery9999.com\/es\/mercedes-y-samsung-firman-su-primer-acuerdo-para-el-suministro-de-baterias-para-coches-electricos\/#primaryimage\"},\"image\":{\"@id\":\"https:\/\/battery9999.com\/es\/mercedes-y-samsung-firman-su-primer-acuerdo-para-el-suministro-de-baterias-para-coches-electricos\/#primaryimage\"},\"thumbnailUrl\":\"https:\/\/battery9999.com\/wp-content\/uploads\/2025\/09\/\u897f\u73ed\u7259.jpg\",\"datePublished\":\"2026-04-28T01:18:37+00:00\",\"author\":{\"@id\":\"https:\/\/battery9999.com\/#\/schema\/person\/0b9917bf37d9832a82f648a24def18a2\"},\"breadcrumb\":{\"@id\":\"https:\/\/battery9999.com\/es\/mercedes-y-samsung-firman-su-primer-acuerdo-para-el-suministro-de-baterias-para-coches-electricos\/#breadcrumb\"},\"inLanguage\":\"es-ES\",\"potentialAction\":[{\"@type\":\"ReadAction\",\"target\":[\"https:\/\/battery9999.com\/es\/mercedes-y-samsung-firman-su-primer-acuerdo-para-el-suministro-de-baterias-para-coches-electricos\/\"]}]},{\"@type\":\"ImageObject\",\"inLanguage\":\"es-ES\",\"@id\":\"https:\/\/battery9999.com\/es\/mercedes-y-samsung-firman-su-primer-acuerdo-para-el-suministro-de-baterias-para-coches-electricos\/#primaryimage\",\"url\":\"https:\/\/battery9999.com\/wp-content\/uploads\/2025\/09\/\u897f\u73ed\u7259.jpg\",\"contentUrl\":\"https:\/\/battery9999.com\/wp-content\/uploads\/2025\/09\/\u897f\u73ed\u7259.jpg\",\"width\":300,\"height\":167},{\"@type\":\"BreadcrumbList\",\"@id\":\"https:\/\/battery9999.com\/es\/mercedes-y-samsung-firman-su-primer-acuerdo-para-el-suministro-de-baterias-para-coches-electricos\/#breadcrumb\",\"itemListElement\":[{\"@type\":\"ListItem\",\"position\":1,\"name\":\"\u9996\u9801\",\"item\":\"https:\/\/battery9999.com\/es\/\"},{\"@type\":\"ListItem\",\"position\":2,\"name\":\"Mercedes y Samsung firman su primer acuerdo para el suministro de bater\u00edas para coches el\u00e9ctricos\"}]},{\"@type\":\"WebSite\",\"@id\":\"https:\/\/battery9999.com\/#website\",\"url\":\"https:\/\/battery9999.com\/\",\"name\":\"\u660c\u8467\u80a1\u4efd\u6709\u9650\u516c\u53f8\",\"description\":\"\u5c08\u696d\u96fb\u6c60\u7d44\u8a2d\u8a08\/\u751f\u7522\/\u88fd\u9020\",\"potentialAction\":[{\"@type\":\"SearchAction\",\"target\":{\"@type\":\"EntryPoint\",\"urlTemplate\":\"https:\/\/battery9999.com\/?s={search_term_string}\"},\"query-input\":{\"@type\":\"PropertyValueSpecification\",\"valueRequired\":true,\"valueName\":\"search_term_string\"}}],\"inLanguage\":\"es-ES\"},{\"@type\":\"Person\",\"@id\":\"https:\/\/battery9999.com\/#\/schema\/person\/0b9917bf37d9832a82f648a24def18a2\",\"name\":\"DPC\",\"image\":{\"@type\":\"ImageObject\",\"inLanguage\":\"es-ES\",\"@id\":\"https:\/\/battery9999.com\/#\/schema\/person\/image\/\",\"url\":\"https:\/\/secure.gravatar.com\/avatar\/9a258145ae53eacd7bcbebe15acef782?s=96&d=mm&r=g\",\"contentUrl\":\"https:\/\/secure.gravatar.com\/avatar\/9a258145ae53eacd7bcbebe15acef782?s=96&d=mm&r=g\",\"caption\":\"DPC\"},\"url\":\"https:\/\/battery9999.com\/es\/author\/dpc\/\"}]}<\/script>\n<!-- \/ Yoast SEO plugin. -->","yoast_head_json":{"title":"Mercedes y Samsung firman su primer acuerdo para el suministro de bater\u00edas para coches el\u00e9ctricos - \u660c\u8467\u80a1\u4efd\u6709\u9650\u516c\u53f8","robots":{"index":"index","follow":"follow","max-snippet":"max-snippet:-1","max-image-preview":"max-image-preview:large","max-video-preview":"max-video-preview:-1"},"canonical":"https:\/\/battery9999.com\/es\/mercedes-y-samsung-firman-su-primer-acuerdo-para-el-suministro-de-baterias-para-coches-electricos\/","og_locale":"es_ES","og_type":"article","og_title":"Mercedes y Samsung firman su primer acuerdo para el suministro de bater\u00edas para coches el\u00e9ctricos - \u660c\u8467\u80a1\u4efd\u6709\u9650\u516c\u53f8","og_description":"20\/04\/2026\u00a0","og_url":"https:\/\/battery9999.com\/es\/mercedes-y-samsung-firman-su-primer-acuerdo-para-el-suministro-de-baterias-para-coches-electricos\/","og_site_name":"\u660c\u8467\u80a1\u4efd\u6709\u9650\u516c\u53f8","article_published_time":"2026-04-28T01:18:37+00:00","og_image":[{"width":300,"height":167,"url":"https:\/\/battery9999.com\/wp-content\/uploads\/2025\/09\/\u897f\u73ed\u7259.jpg","type":"image\/jpeg"}],"author":"DPC","twitter_card":"summary_large_image","twitter_misc":{"Written by":"DPC","Est. reading time":"3 minutes"},"schema":{"@context":"https:\/\/schema.org","@graph":[{"@type":"WebPage","@id":"https:\/\/battery9999.com\/es\/mercedes-y-samsung-firman-su-primer-acuerdo-para-el-suministro-de-baterias-para-coches-electricos\/","url":"https:\/\/battery9999.com\/es\/mercedes-y-samsung-firman-su-primer-acuerdo-para-el-suministro-de-baterias-para-coches-electricos\/","name":"Mercedes y Samsung firman su primer acuerdo para el suministro de bater\u00edas para coches el\u00e9ctricos - \u660c\u8467\u80a1\u4efd\u6709\u9650\u516c\u53f8","isPartOf":{"@id":"https:\/\/battery9999.com\/#website"},"primaryImageOfPage":{"@id":"https:\/\/battery9999.com\/es\/mercedes-y-samsung-firman-su-primer-acuerdo-para-el-suministro-de-baterias-para-coches-electricos\/#primaryimage"},"image":{"@id":"https:\/\/battery9999.com\/es\/mercedes-y-samsung-firman-su-primer-acuerdo-para-el-suministro-de-baterias-para-coches-electricos\/#primaryimage"},"thumbnailUrl":"https:\/\/battery9999.com\/wp-content\/uploads\/2025\/09\/\u897f\u73ed\u7259.jpg","datePublished":"2026-04-28T01:18:37+00:00","author":{"@id":"https:\/\/battery9999.com\/#\/schema\/person\/0b9917bf37d9832a82f648a24def18a2"},"breadcrumb":{"@id":"https:\/\/battery9999.com\/es\/mercedes-y-samsung-firman-su-primer-acuerdo-para-el-suministro-de-baterias-para-coches-electricos\/#breadcrumb"},"inLanguage":"es-ES","potentialAction":[{"@type":"ReadAction","target":["https:\/\/battery9999.com\/es\/mercedes-y-samsung-firman-su-primer-acuerdo-para-el-suministro-de-baterias-para-coches-electricos\/"]}]},{"@type":"ImageObject","inLanguage":"es-ES","@id":"https:\/\/battery9999.com\/es\/mercedes-y-samsung-firman-su-primer-acuerdo-para-el-suministro-de-baterias-para-coches-electricos\/#primaryimage","url":"https:\/\/battery9999.com\/wp-content\/uploads\/2025\/09\/\u897f\u73ed\u7259.jpg","contentUrl":"https:\/\/battery9999.com\/wp-content\/uploads\/2025\/09\/\u897f\u73ed\u7259.jpg","width":300,"height":167},{"@type":"BreadcrumbList","@id":"https:\/\/battery9999.com\/es\/mercedes-y-samsung-firman-su-primer-acuerdo-para-el-suministro-de-baterias-para-coches-electricos\/#breadcrumb","itemListElement":[{"@type":"ListItem","position":1,"name":"\u9996\u9801","item":"https:\/\/battery9999.com\/es\/"},{"@type":"ListItem","position":2,"name":"Mercedes y Samsung firman su primer acuerdo para el suministro de bater\u00edas para coches el\u00e9ctricos"}]},{"@type":"WebSite","@id":"https:\/\/battery9999.com\/#website","url":"https:\/\/battery9999.com\/","name":"\u660c\u8467\u80a1\u4efd\u6709\u9650\u516c\u53f8","description":"\u5c08\u696d\u96fb\u6c60\u7d44\u8a2d\u8a08\/\u751f\u7522\/\u88fd\u9020","potentialAction":[{"@type":"SearchAction","target":{"@type":"EntryPoint","urlTemplate":"https:\/\/battery9999.com\/?s={search_term_string}"},"query-input":{"@type":"PropertyValueSpecification","valueRequired":true,"valueName":"search_term_string"}}],"inLanguage":"es-ES"},{"@type":"Person","@id":"https:\/\/battery9999.com\/#\/schema\/person\/0b9917bf37d9832a82f648a24def18a2","name":"DPC","image":{"@type":"ImageObject","inLanguage":"es-ES","@id":"https:\/\/battery9999.com\/#\/schema\/person\/image\/","url":"https:\/\/secure.gravatar.com\/avatar\/9a258145ae53eacd7bcbebe15acef782?s=96&d=mm&r=g","contentUrl":"https:\/\/secure.gravatar.com\/avatar\/9a258145ae53eacd7bcbebe15acef782?s=96&d=mm&r=g","caption":"DPC"},"url":"https:\/\/battery9999.com\/es\/author\/dpc\/"}]}},"_links":{"self":[{"href":"https:\/\/battery9999.com\/es\/wp-json\/wp\/v2\/posts\/20878"}],"collection":[{"href":"https:\/\/battery9999.com\/es\/wp-json\/wp\/v2\/posts"}],"about":[{"href":"https:\/\/battery9999.com\/es\/wp-json\/wp\/v2\/types\/post"}],"author":[{"embeddable":true,"href":"https:\/\/battery9999.com\/es\/wp-json\/wp\/v2\/users\/12"}],"replies":[{"embeddable":true,"href":"https:\/\/battery9999.com\/es\/wp-json\/wp\/v2\/comments?post=20878"}],"version-history":[{"count":1,"href":"https:\/\/battery9999.com\/es\/wp-json\/wp\/v2\/posts\/20878\/revisions"}],"predecessor-version":[{"id":20879,"href":"https:\/\/battery9999.com\/es\/wp-json\/wp\/v2\/posts\/20878\/revisions\/20879"}],"wp:featuredmedia":[{"embeddable":true,"href":"https:\/\/battery9999.com\/es\/wp-json\/wp\/v2\/media\/20460"}],"wp:attachment":[{"href":"https:\/\/battery9999.com\/es\/wp-json\/wp\/v2\/media?parent=20878"}],"wp:term":[{"taxonomy":"category","embeddable":true,"href":"https:\/\/battery9999.com\/es\/wp-json\/wp\/v2\/categories?post=20878"},{"taxonomy":"post_tag","embeddable":true,"href":"https:\/\/battery9999.com\/es\/wp-json\/wp\/v2\/tags?post=20878"}],"curies":[{"name":"wp","href":"https:\/\/api.w.org\/{rel}","templated":true}]}}