{"id":20884,"date":"2026-04-28T09:24:12","date_gmt":"2026-04-28T01:24:12","guid":{"rendered":"https:\/\/battery9999.com\/fr\/?p=20884"},"modified":"2026-04-28T09:24:12","modified_gmt":"2026-04-28T01:24:12","slug":"mercedes-et-samsung-sdi-signent-un-premier-accord-de-fourniture-de-batteries-pour-ve","status":"publish","type":"post","link":"https:\/\/battery9999.com\/fr\/mercedes-et-samsung-sdi-signent-un-premier-accord-de-fourniture-de-batteries-pour-ve\/","title":{"rendered":"Mercedes et Samsung SDI signent un premier accord de fourniture de batteries pour VE"},"content":{"rendered":"<p>20\/04\/2026<!--more--><\/p>\n<div class=\"js-superdiv u-aspect-ratio-16x9 u-position-relative \" data-sponsored=\"Sponsoris\u00e9\"><img loading=\"lazy\" decoding=\"async\" class=\"js-poster-img c-article-media__img\" src=\"https:\/\/images.euronews.com\/articles\/stories\/09\/72\/80\/02\/1536x864_cmsv2_9f43a3cb-dacb-5d84-9ea5-a1325235d692-9728002.jpg\" sizes=\"(max-width: 1023px) 100vw, 67vw\" srcset=\"https:\/\/images.euronews.com\/articles\/stories\/09\/72\/80\/02\/320x180_cmsv2_9f43a3cb-dacb-5d84-9ea5-a1325235d692-9728002.jpg 320w, https:\/\/images.euronews.com\/articles\/stories\/09\/72\/80\/02\/480x270_cmsv2_9f43a3cb-dacb-5d84-9ea5-a1325235d692-9728002.jpg 480w, https:\/\/images.euronews.com\/articles\/stories\/09\/72\/80\/02\/820x468_cmsv2_9f43a3cb-dacb-5d84-9ea5-a1325235d692-9728002.jpg 820w, https:\/\/images.euronews.com\/articles\/stories\/09\/72\/80\/02\/1024x576_cmsv2_9f43a3cb-dacb-5d84-9ea5-a1325235d692-9728002.jpg 1024w, https:\/\/images.euronews.com\/articles\/stories\/09\/72\/80\/02\/1366x768_cmsv2_9f43a3cb-dacb-5d84-9ea5-a1325235d692-9728002.jpg 1366w, https:\/\/images.euronews.com\/articles\/stories\/09\/72\/80\/02\/1536x864_cmsv2_9f43a3cb-dacb-5d84-9ea5-a1325235d692-9728002.jpg 1536w, https:\/\/images.euronews.com\/articles\/stories\/09\/72\/80\/02\/1920x1080_cmsv2_9f43a3cb-dacb-5d84-9ea5-a1325235d692-9728002.jpg 1920w\" alt=\"Archives - Le logo de Mercedes-Benz photographi\u00e9 \u00e0 Berlin, en Allemagne, le 25 juin 2021.\" width=\"844\" height=\"474\" \/><\/div>\n<div class=\"c-article-caption u-position-absolute\"><\/div>\n<div class=\"c-article-image-copyright c-article-image-copyright--novideo\">Tous droits r\u00e9serv\u00e9s\u00a0AP Photo\/Michael Sohn, File<\/div>\n<div>\n<h2 class=\"c-article-summary\">Samsung SDI d\u00e9croche son premier accord de fourniture de batteries pour v\u00e9hicules \u00e9lectriques avec Mercedes-Benz<\/h2>\n<div class=\"c-article-content js-article-content\">\n<p>Samsung SDI et Mercedes-Benz ont sign\u00e9 un accord pluriannuel de fourniture de batteries pour v\u00e9hicules \u00e9lectriques couvrant leurs futurs mod\u00e8les compacts et de milieu de gamme, et ont \u00e9galement convenu de coop\u00e9rer au d\u00e9veloppement de batteries de nouvelle g\u00e9n\u00e9ration, ont annonc\u00e9 les deux groupes.<\/p>\n<p>Samsung est le g\u00e9ant des technologies grand public qui fabrique de tout, des smartphones aux t\u00e9l\u00e9viseurs et aux semi-conducteurs, tandis que Samsung SDI est sa filiale sp\u00e9cialis\u00e9e dans les batteries et mat\u00e9riaux destin\u00e9s principalement \u00e0 d\u2019autres entreprises.<\/p>\n<p>L\u2019accord renforce la pr\u00e9sence de Samsung SDI dans le secteur automobile europ\u00e9en, o\u00f9 le groupe entretient d\u00e9j\u00e0 des relations d\u2019approvisionnement bien \u00e9tablies avec des constructeurs tels que BMW, des marques li\u00e9es \u00e0 Stellantis via des coentreprises, Volvo Group et Jaguar Land Rover.<\/p>\n<p>Dans le cadre de ce nouvel accord avec Mercedes, le groupe cor\u00e9en fournira des batteries haute performance pour les futurs mod\u00e8les du constructeur allemand, nourrissant les attentes autour de v\u00e9hicules \u00e9lectriques haut de gamme plus abordables en Europe.<\/p>\n<p>Cet accord intervient alors que l\u2019Union europ\u00e9enne poursuit ses efforts pour r\u00e9pondre aux d\u00e9fis de l\u2019accessibilit\u00e9 financi\u00e8re sur le march\u00e9 des v\u00e9hicules \u00e9lectriques.<\/p>\n<div class=\"c-widget-related\" data-stories-id=\"\" data-event=\"widget_related\">\n<div class=\"c-widget-related__title\"><b class=\"c-widget-related__title__text\" lang=\"en\">Related<\/b><\/div>\n<ul class=\"c-widget-related__list\">\n<li class=\"c-widget-related__item\"><a class=\"c-widget-related__article\" href=\"https:\/\/fr.euronews.com\/2026\/03\/31\/comment-les-investissements-dans-la-mobilite-verte-transforment-le-transport-urbain\">Comment les investissements dans la mobilit\u00e9 verte transforment le transport urbain<\/a><\/li>\n<li class=\"c-widget-related__item\"><a class=\"c-widget-related__article\" href=\"https:\/\/fr.euronews.com\/2026\/04\/17\/voitures-electriques-quels-pays-europeens-offrent-le-plus-daides-en-2026\">Voitures \u00e9lectriques : quels pays europ\u00e9ens offrent le plus d\u2019aides en 2026 ?<\/a><\/li>\n<\/ul>\n<\/div>\n<p>Ces batteries utiliseront des mat\u00e9riaux NCM \u00e0 haute teneur en nickel (nickel, cobalt et mangan\u00e8se), une combinaison pr\u00e9sent\u00e9e comme offrant une autonomie accrue et une dur\u00e9e de vie plus longue.<\/p>\n<div id=\"optidigital-adslot-content_1\" class=\"content_1 optidigital-ad-center-sticky\" data-adslot-id=\"optidigital-adslot-content_1\"><\/div>\n<p>\u00ab Mercedes-Benz pr\u00e9voit d\u2019utiliser ces batteries dans de futurs SUV \u00e9lectriques compacts et de milieu de gamme ainsi que dans des mod\u00e8les coup\u00e9, dans le cadre de sa strat\u00e9gie visant le march\u00e9 des v\u00e9hicules \u00e9lectriques de nouvelle g\u00e9n\u00e9ration \u00bb, indique le communiqu\u00e9.<\/p>\n<p>Les deux entreprises se sont \u00e9galement engag\u00e9es \u00e0 collaborer sur plusieurs projets, \u00ab notamment le d\u00e9veloppement conjoint de technologies de batteries de nouvelle g\u00e9n\u00e9ration \u00bb, poursuit le texte.<\/p>\n<p>Cet accord a \u00e9t\u00e9 sign\u00e9 alors que la direction de Mercedes rencontrait lundi \u00e0 S\u00e9oul des fournisseurs cl\u00e9s sud-cor\u00e9ens.<\/p>\n<div class=\"c-widget-related\" data-stories-id=\"\" data-event=\"widget_related\">\n<div class=\"c-widget-related__title\"><b class=\"c-widget-related__title__text\" lang=\"en\">Related<\/b><\/div>\n<ul class=\"c-widget-related__list\">\n<li class=\"c-widget-related__item\"><a class=\"c-widget-related__article\" href=\"https:\/\/fr.euronews.com\/2025\/11\/25\/transition-electrique-quel-pays-de-lue-achete-le-plus-de-voitures-electriques\">Transition \u00e9lectrique : quel pays de l\u2019UE ach\u00e8te le plus de voitures \u00e9lectriques ?<\/a><\/li>\n<\/ul>\n<\/div>\n<p>D\u2019apr\u00e8s le Korea Herald, qui cite des sources industrielles, les volumes fournis par Samsung SDI devraient atteindre plusieurs dizaines de gigawattheures, pour une valeur totale de contrat sup\u00e9rieure \u00e0 10 000 milliards de wons (5,8 milliards d\u2019euros), m\u00eame si les chiffres pr\u00e9cis n\u2019ont pas \u00e9t\u00e9 communiqu\u00e9s.<\/p>\n<p>Lors de cette visite en Cor\u00e9e du Sud, Mercedes-Benz a \u00e9galement r\u00e9affirm\u00e9 son partenariat de longue date avec LG, qui porte sur les \u00e9crans et les batteries.<\/p>\n<p>\u00ab Mercedes-Benz est fi\u00e8re de renforcer la collaboration dans des domaines technologiques cl\u00e9s avec des partenaires cor\u00e9ens qui disposent d\u2019une comp\u00e9titivit\u00e9 technologique de niveau mondial \u00bb, a d\u00e9clar\u00e9 J\u00f6rg Burzer, directeur de la technologie de Mercedes-Benz Group AG.<\/p>\n<p>\u00ab En approfondissant nos liens, Mercedes-Benz acc\u00e9l\u00e8re l\u2019innovation dans les domaines de l\u2019\u00e9lectrification, de la num\u00e9risation et de la mobilit\u00e9 du futur \u00bb, a-t-il ajout\u00e9.<\/p>\n<p>L\u2019action Samsung SDI a gagn\u00e9 4,9 % \u00e0 la cl\u00f4ture lundi en Cor\u00e9e du Sud, tandis que le titre Mercedes-Benz reculait de plus de 2 % vers la mi-journ\u00e9e en Europe.<\/p>\n<p>La source:<a href=\"https:\/\/fr.euronews.com\/business\/2026\/04\/20\/mercedes-et-samsung-sdi-signent-un-premier-accord-de-fourniture-de-batteries-pour-ve\">Mercedes et Samsung SDI signent un premier accord de fourniture de batteries pour VE | Euronews<\/a><\/p>\n<\/div>\n<\/div>\n","protected":false},"excerpt":{"rendered":"<p>20\/04\/2026<\/p>\n","protected":false},"author":12,"featured_media":20462,"comment_status":"closed","ping_status":"open","sticky":false,"template":"","format":"standard","meta":{"footnotes":""},"categories":[795],"tags":[],"class_list":["post-20884","post","type-post","status-publish","format-standard","has-post-thumbnail","hentry","category-actualites-industrielles"],"yoast_head":"<!-- This site is optimized with the Yoast SEO plugin v24.4 - https:\/\/yoast.com\/wordpress\/plugins\/seo\/ -->\n<title>Mercedes et Samsung SDI signent un premier accord de fourniture de batteries pour VE - \u660c\u8467\u80a1\u4efd\u6709\u9650\u516c\u53f8<\/title>\n<meta name=\"robots\" content=\"index, follow, max-snippet:-1, max-image-preview:large, max-video-preview:-1\" \/>\n<link rel=\"canonical\" href=\"https:\/\/battery9999.com\/fr\/mercedes-et-samsung-sdi-signent-un-premier-accord-de-fourniture-de-batteries-pour-ve\/\" \/>\n<meta property=\"og:locale\" content=\"fr_FR\" \/>\n<meta property=\"og:type\" content=\"article\" \/>\n<meta property=\"og:title\" content=\"Mercedes et Samsung SDI signent un premier accord de fourniture de batteries pour VE - \u660c\u8467\u80a1\u4efd\u6709\u9650\u516c\u53f8\" \/>\n<meta property=\"og:description\" content=\"20\/04\/2026\" \/>\n<meta property=\"og:url\" content=\"https:\/\/battery9999.com\/fr\/mercedes-et-samsung-sdi-signent-un-premier-accord-de-fourniture-de-batteries-pour-ve\/\" \/>\n<meta property=\"og:site_name\" content=\"\u660c\u8467\u80a1\u4efd\u6709\u9650\u516c\u53f8\" \/>\n<meta property=\"article:published_time\" content=\"2026-04-28T01:24:12+00:00\" \/>\n<meta property=\"og:image\" content=\"https:\/\/battery9999.com\/wp-content\/uploads\/2025\/09\/\u6cd5\u6587.jpg\" \/>\n\t<meta property=\"og:image:width\" content=\"665\" \/>\n\t<meta property=\"og:image:height\" content=\"260\" \/>\n\t<meta property=\"og:image:type\" content=\"image\/jpeg\" \/>\n<meta name=\"author\" content=\"DPC\" \/>\n<meta name=\"twitter:card\" content=\"summary_large_image\" \/>\n<meta name=\"twitter:label1\" content=\"Written by\" \/>\n\t<meta name=\"twitter:data1\" content=\"DPC\" \/>\n\t<meta name=\"twitter:label2\" content=\"Est. reading time\" \/>\n\t<meta name=\"twitter:data2\" content=\"2 minutes\" \/>\n<script type=\"application\/ld+json\" class=\"yoast-schema-graph\">{\"@context\":\"https:\/\/schema.org\",\"@graph\":[{\"@type\":\"WebPage\",\"@id\":\"https:\/\/battery9999.com\/fr\/mercedes-et-samsung-sdi-signent-un-premier-accord-de-fourniture-de-batteries-pour-ve\/\",\"url\":\"https:\/\/battery9999.com\/fr\/mercedes-et-samsung-sdi-signent-un-premier-accord-de-fourniture-de-batteries-pour-ve\/\",\"name\":\"Mercedes et Samsung SDI signent un premier accord de fourniture de batteries pour VE - \u660c\u8467\u80a1\u4efd\u6709\u9650\u516c\u53f8\",\"isPartOf\":{\"@id\":\"https:\/\/battery9999.com\/#website\"},\"primaryImageOfPage\":{\"@id\":\"https:\/\/battery9999.com\/fr\/mercedes-et-samsung-sdi-signent-un-premier-accord-de-fourniture-de-batteries-pour-ve\/#primaryimage\"},\"image\":{\"@id\":\"https:\/\/battery9999.com\/fr\/mercedes-et-samsung-sdi-signent-un-premier-accord-de-fourniture-de-batteries-pour-ve\/#primaryimage\"},\"thumbnailUrl\":\"https:\/\/battery9999.com\/wp-content\/uploads\/2025\/09\/\u6cd5\u6587.jpg\",\"datePublished\":\"2026-04-28T01:24:12+00:00\",\"author\":{\"@id\":\"https:\/\/battery9999.com\/#\/schema\/person\/0b9917bf37d9832a82f648a24def18a2\"},\"breadcrumb\":{\"@id\":\"https:\/\/battery9999.com\/fr\/mercedes-et-samsung-sdi-signent-un-premier-accord-de-fourniture-de-batteries-pour-ve\/#breadcrumb\"},\"inLanguage\":\"fr-FR\",\"potentialAction\":[{\"@type\":\"ReadAction\",\"target\":[\"https:\/\/battery9999.com\/fr\/mercedes-et-samsung-sdi-signent-un-premier-accord-de-fourniture-de-batteries-pour-ve\/\"]}]},{\"@type\":\"ImageObject\",\"inLanguage\":\"fr-FR\",\"@id\":\"https:\/\/battery9999.com\/fr\/mercedes-et-samsung-sdi-signent-un-premier-accord-de-fourniture-de-batteries-pour-ve\/#primaryimage\",\"url\":\"https:\/\/battery9999.com\/wp-content\/uploads\/2025\/09\/\u6cd5\u6587.jpg\",\"contentUrl\":\"https:\/\/battery9999.com\/wp-content\/uploads\/2025\/09\/\u6cd5\u6587.jpg\",\"width\":665,\"height\":260},{\"@type\":\"BreadcrumbList\",\"@id\":\"https:\/\/battery9999.com\/fr\/mercedes-et-samsung-sdi-signent-un-premier-accord-de-fourniture-de-batteries-pour-ve\/#breadcrumb\",\"itemListElement\":[{\"@type\":\"ListItem\",\"position\":1,\"name\":\"\u9996\u9801\",\"item\":\"https:\/\/battery9999.com\/fr\/\"},{\"@type\":\"ListItem\",\"position\":2,\"name\":\"Mercedes et Samsung SDI signent un premier accord de fourniture de batteries pour VE\"}]},{\"@type\":\"WebSite\",\"@id\":\"https:\/\/battery9999.com\/#website\",\"url\":\"https:\/\/battery9999.com\/\",\"name\":\"\u660c\u8467\u80a1\u4efd\u6709\u9650\u516c\u53f8\",\"description\":\"\u5c08\u696d\u96fb\u6c60\u7d44\u8a2d\u8a08\/\u751f\u7522\/\u88fd\u9020\",\"potentialAction\":[{\"@type\":\"SearchAction\",\"target\":{\"@type\":\"EntryPoint\",\"urlTemplate\":\"https:\/\/battery9999.com\/?s={search_term_string}\"},\"query-input\":{\"@type\":\"PropertyValueSpecification\",\"valueRequired\":true,\"valueName\":\"search_term_string\"}}],\"inLanguage\":\"fr-FR\"},{\"@type\":\"Person\",\"@id\":\"https:\/\/battery9999.com\/#\/schema\/person\/0b9917bf37d9832a82f648a24def18a2\",\"name\":\"DPC\",\"image\":{\"@type\":\"ImageObject\",\"inLanguage\":\"fr-FR\",\"@id\":\"https:\/\/battery9999.com\/#\/schema\/person\/image\/\",\"url\":\"https:\/\/secure.gravatar.com\/avatar\/9a258145ae53eacd7bcbebe15acef782?s=96&d=mm&r=g\",\"contentUrl\":\"https:\/\/secure.gravatar.com\/avatar\/9a258145ae53eacd7bcbebe15acef782?s=96&d=mm&r=g\",\"caption\":\"DPC\"},\"url\":\"https:\/\/battery9999.com\/fr\/author\/dpc\/\"}]}<\/script>\n<!-- \/ Yoast SEO plugin. -->","yoast_head_json":{"title":"Mercedes et Samsung SDI signent un premier accord de fourniture de batteries pour VE - \u660c\u8467\u80a1\u4efd\u6709\u9650\u516c\u53f8","robots":{"index":"index","follow":"follow","max-snippet":"max-snippet:-1","max-image-preview":"max-image-preview:large","max-video-preview":"max-video-preview:-1"},"canonical":"https:\/\/battery9999.com\/fr\/mercedes-et-samsung-sdi-signent-un-premier-accord-de-fourniture-de-batteries-pour-ve\/","og_locale":"fr_FR","og_type":"article","og_title":"Mercedes et Samsung SDI signent un premier accord de fourniture de batteries pour VE - \u660c\u8467\u80a1\u4efd\u6709\u9650\u516c\u53f8","og_description":"20\/04\/2026","og_url":"https:\/\/battery9999.com\/fr\/mercedes-et-samsung-sdi-signent-un-premier-accord-de-fourniture-de-batteries-pour-ve\/","og_site_name":"\u660c\u8467\u80a1\u4efd\u6709\u9650\u516c\u53f8","article_published_time":"2026-04-28T01:24:12+00:00","og_image":[{"width":665,"height":260,"url":"https:\/\/battery9999.com\/wp-content\/uploads\/2025\/09\/\u6cd5\u6587.jpg","type":"image\/jpeg"}],"author":"DPC","twitter_card":"summary_large_image","twitter_misc":{"Written by":"DPC","Est. reading time":"2 minutes"},"schema":{"@context":"https:\/\/schema.org","@graph":[{"@type":"WebPage","@id":"https:\/\/battery9999.com\/fr\/mercedes-et-samsung-sdi-signent-un-premier-accord-de-fourniture-de-batteries-pour-ve\/","url":"https:\/\/battery9999.com\/fr\/mercedes-et-samsung-sdi-signent-un-premier-accord-de-fourniture-de-batteries-pour-ve\/","name":"Mercedes et Samsung SDI signent un premier accord de fourniture de batteries pour VE - \u660c\u8467\u80a1\u4efd\u6709\u9650\u516c\u53f8","isPartOf":{"@id":"https:\/\/battery9999.com\/#website"},"primaryImageOfPage":{"@id":"https:\/\/battery9999.com\/fr\/mercedes-et-samsung-sdi-signent-un-premier-accord-de-fourniture-de-batteries-pour-ve\/#primaryimage"},"image":{"@id":"https:\/\/battery9999.com\/fr\/mercedes-et-samsung-sdi-signent-un-premier-accord-de-fourniture-de-batteries-pour-ve\/#primaryimage"},"thumbnailUrl":"https:\/\/battery9999.com\/wp-content\/uploads\/2025\/09\/\u6cd5\u6587.jpg","datePublished":"2026-04-28T01:24:12+00:00","author":{"@id":"https:\/\/battery9999.com\/#\/schema\/person\/0b9917bf37d9832a82f648a24def18a2"},"breadcrumb":{"@id":"https:\/\/battery9999.com\/fr\/mercedes-et-samsung-sdi-signent-un-premier-accord-de-fourniture-de-batteries-pour-ve\/#breadcrumb"},"inLanguage":"fr-FR","potentialAction":[{"@type":"ReadAction","target":["https:\/\/battery9999.com\/fr\/mercedes-et-samsung-sdi-signent-un-premier-accord-de-fourniture-de-batteries-pour-ve\/"]}]},{"@type":"ImageObject","inLanguage":"fr-FR","@id":"https:\/\/battery9999.com\/fr\/mercedes-et-samsung-sdi-signent-un-premier-accord-de-fourniture-de-batteries-pour-ve\/#primaryimage","url":"https:\/\/battery9999.com\/wp-content\/uploads\/2025\/09\/\u6cd5\u6587.jpg","contentUrl":"https:\/\/battery9999.com\/wp-content\/uploads\/2025\/09\/\u6cd5\u6587.jpg","width":665,"height":260},{"@type":"BreadcrumbList","@id":"https:\/\/battery9999.com\/fr\/mercedes-et-samsung-sdi-signent-un-premier-accord-de-fourniture-de-batteries-pour-ve\/#breadcrumb","itemListElement":[{"@type":"ListItem","position":1,"name":"\u9996\u9801","item":"https:\/\/battery9999.com\/fr\/"},{"@type":"ListItem","position":2,"name":"Mercedes et Samsung SDI signent un premier accord de fourniture de batteries pour VE"}]},{"@type":"WebSite","@id":"https:\/\/battery9999.com\/#website","url":"https:\/\/battery9999.com\/","name":"\u660c\u8467\u80a1\u4efd\u6709\u9650\u516c\u53f8","description":"\u5c08\u696d\u96fb\u6c60\u7d44\u8a2d\u8a08\/\u751f\u7522\/\u88fd\u9020","potentialAction":[{"@type":"SearchAction","target":{"@type":"EntryPoint","urlTemplate":"https:\/\/battery9999.com\/?s={search_term_string}"},"query-input":{"@type":"PropertyValueSpecification","valueRequired":true,"valueName":"search_term_string"}}],"inLanguage":"fr-FR"},{"@type":"Person","@id":"https:\/\/battery9999.com\/#\/schema\/person\/0b9917bf37d9832a82f648a24def18a2","name":"DPC","image":{"@type":"ImageObject","inLanguage":"fr-FR","@id":"https:\/\/battery9999.com\/#\/schema\/person\/image\/","url":"https:\/\/secure.gravatar.com\/avatar\/9a258145ae53eacd7bcbebe15acef782?s=96&d=mm&r=g","contentUrl":"https:\/\/secure.gravatar.com\/avatar\/9a258145ae53eacd7bcbebe15acef782?s=96&d=mm&r=g","caption":"DPC"},"url":"https:\/\/battery9999.com\/fr\/author\/dpc\/"}]}},"_links":{"self":[{"href":"https:\/\/battery9999.com\/fr\/wp-json\/wp\/v2\/posts\/20884"}],"collection":[{"href":"https:\/\/battery9999.com\/fr\/wp-json\/wp\/v2\/posts"}],"about":[{"href":"https:\/\/battery9999.com\/fr\/wp-json\/wp\/v2\/types\/post"}],"author":[{"embeddable":true,"href":"https:\/\/battery9999.com\/fr\/wp-json\/wp\/v2\/users\/12"}],"replies":[{"embeddable":true,"href":"https:\/\/battery9999.com\/fr\/wp-json\/wp\/v2\/comments?post=20884"}],"version-history":[{"count":1,"href":"https:\/\/battery9999.com\/fr\/wp-json\/wp\/v2\/posts\/20884\/revisions"}],"predecessor-version":[{"id":20885,"href":"https:\/\/battery9999.com\/fr\/wp-json\/wp\/v2\/posts\/20884\/revisions\/20885"}],"wp:featuredmedia":[{"embeddable":true,"href":"https:\/\/battery9999.com\/fr\/wp-json\/wp\/v2\/media\/20462"}],"wp:attachment":[{"href":"https:\/\/battery9999.com\/fr\/wp-json\/wp\/v2\/media?parent=20884"}],"wp:term":[{"taxonomy":"category","embeddable":true,"href":"https:\/\/battery9999.com\/fr\/wp-json\/wp\/v2\/categories?post=20884"},{"taxonomy":"post_tag","embeddable":true,"href":"https:\/\/battery9999.com\/fr\/wp-json\/wp\/v2\/tags?post=20884"}],"curies":[{"name":"wp","href":"https:\/\/api.w.org\/{rel}","templated":true}]}}